{"id":14085,"date":"2019-02-14T11:53:40","date_gmt":"2019-02-14T11:53:40","guid":{"rendered":"https:\/\/mexicocodigorojo.com.mx\/?p=14085"},"modified":"2019-02-14T11:58:49","modified_gmt":"2019-02-14T11:58:49","slug":"revientan-casa-de-seguridad-detienen-a-sicarios-del-cartel-de-sinaloa-en-san-jose-del-cabo-bcs","status":"publish","type":"post","link":"https:\/\/mexicocodigorojo.com.mx\/?p=14085","title":{"rendered":"REVIENTAN CASA DE SEGURIDAD &#038; DETIENEN A SICARIOS DEL CARTEL DE SINALOA EN SAN JOSE DEL CABO BCS"},"content":{"rendered":"<p><strong>REVIENTAN CASA DE SEGURIDAD &amp; DETIENEN A SICARIOS DEL CARTEL DE SINALOA EN SAN JOSE DEL CABO BCS<\/strong><\/p>\n<p><strong style=\"font-style: inherit; font-variant: inherit; font-weight: bold; font-stretch: inherit; font-size: inherit; line-height: inherit; font-family: inherit; padding: 0px; border: 0px; margin: 0px; vertical-align: baseline;\">La Paz, BCS.-<\/strong><span> <\/span>La Procuradur\u00eda General de Justicia del Estado confirm\u00f3 que la tarde del martes en una casa de seguridad del fraccionamiento Colinas Plus de san Jos\u00e9 del Cabo, fueron detenidos 4 integrantes de una c\u00e9lula delictiva, 11 armas largas de uso exclusivo del Ej\u00e9rcito Mexicano, cargadores, cartuchos \u00fatiles y equipo t\u00e1ctico.<\/p>\n<p style=\"font-style:normal; font-variant-ligatures:normal; font-variant-caps:normal; font-variant-numeric:inherit; font-variant-east-asian:inherit; font-weight:400; font-stretch:inherit; font-size:16px; line-height:inherit; font-family:sans-serif; padding:0px; border:0px; margin:0px0px20px; vertical-align:baseline; color:rgb(0,0,0); letter-spacing:normal; orphans:2text-indent:0px; text-transform:none; white-space:normal; widows:2; word-spacing:0px; -webkit-text-stroke-width:0px; background-color:rgb(255,255,255); text-decoration-style:initial; text-decoration-color:initial; text-align:left;\">Para llegar a la casa de seguridad de Colinas Plus, los agentes de Investigaci\u00f3n Criminal de la PGJE por la ma\u00f1ana hab\u00edan detenido a dos civiles y les marcaron dos casas de seguridad, una en la primera privada del fraccionamiento Monte Real, la segunda en Colinas Plus.<\/p>\n<p>En ese lugar que les marcaron ser\u00eda donde habr\u00edan encontrado un arsenal y el equipo t\u00e1ctico, de acuerdo al anuncio en conferencia de prensa por parte del procurador Daniel de La Rosa Anaya.<\/p>\n<p><img data-recalc-dims=\"1\" loading=\"lazy\" decoding=\"async\" data-attachment-id=\"14084\" data-permalink=\"https:\/\/mexicocodigorojo.com.mx\/?attachment_id=14084\" data-orig-file=\"https:\/\/i0.wp.com\/mexicocodigorojo.com.mx\/wp-content\/uploads\/2019\/02\/WhatsApp-Image-2019-02-12-at-19.35.15-600x400.jpeg?fit=600%2C400&amp;ssl=1\" data-orig-size=\"600,400\" data-comments-opened=\"1\" data-image-meta=\"{&quot;aperture&quot;:&quot;0&quot;,&quot;credit&quot;:&quot;&quot;,&quot;camera&quot;:&quot;&quot;,&quot;caption&quot;:&quot;&quot;,&quot;created_timestamp&quot;:&quot;0&quot;,&quot;copyright&quot;:&quot;&quot;,&quot;focal_length&quot;:&quot;0&quot;,&quot;iso&quot;:&quot;0&quot;,&quot;shutter_speed&quot;:&quot;0&quot;,&quot;title&quot;:&quot;&quot;,&quot;orientation&quot;:&quot;1&quot;}\" data-image-title=\"WhatsApp-Image-2019-02-12-at-19.35.15-600&amp;#215;400.jpeg\" data-image-description=\"\" data-image-caption=\"\" data-large-file=\"https:\/\/i0.wp.com\/mexicocodigorojo.com.mx\/wp-content\/uploads\/2019\/02\/WhatsApp-Image-2019-02-12-at-19.35.15-600x400.jpeg?fit=600%2C400&amp;ssl=1\" class=\"alignnone size-full wp-image-14084\" src=\"https:\/\/i0.wp.com\/mexicocodigorojo.com.mx\/wp-content\/uploads\/2019\/02\/WhatsApp-Image-2019-02-12-at-19.35.15-600x400.jpeg?resize=600%2C400&#038;ssl=1\" width=\"600\" height=\"400\" srcset=\"https:\/\/i0.wp.com\/mexicocodigorojo.com.mx\/wp-content\/uploads\/2019\/02\/WhatsApp-Image-2019-02-12-at-19.35.15-600x400.jpeg?resize=600%2C400&amp;ssl=1 600w, https:\/\/i0.wp.com\/mexicocodigorojo.com.mx\/wp-content\/uploads\/2019\/02\/WhatsApp-Image-2019-02-12-at-19.35.15-600x400.jpeg?resize=300%2C200&amp;ssl=1 300w\" sizes=\"auto, (max-width: 600px) 100vw, 600px\" \/><\/p>\n<p style=\"font-style:normal; font-variant-ligatures:normal; font-variant-caps:normal; font-variant-numeric:inherit; font-variant-east-asian:inherit; font-weight:400; font-stretch:inherit; font-size:16px; line-height:inherit; font-family:sans-serif; padding:0px; border:0px; margin:0px0px20px; vertical-align:baseline; color:rgb(0,0,0); letter-spacing:normal; orphans:2text-indent:0px; text-transform:none; white-space:normal; widows:2; word-spacing:0px; -webkit-text-stroke-width:0px; background-color:rgb(255,255,255); text-decoration-style:initial; text-decoration-color:initial; text-align:left;\">Una fuente de inteligencia federal confirm\u00f3 que en operativos por la ciudad, agentes de Investigaci\u00f3n Criminal lograron la detenci\u00f3n de dos civiles y \u00e9stos les habr\u00edan ubicado las casas de seguridad.<\/p>\n<p style=\"font-style:normal; font-variant-ligatures:normal; font-variant-caps:normal; font-variant-numeric:inherit; font-variant-east-asian:inherit; font-weight:400; font-stretch:inherit; font-size:16px; line-height:inherit; font-family:sans-serif; padding:0px; border:0px; margin:0px0px20px; vertical-align:baseline; color:rgb(0,0,0); letter-spacing:normal; orphans:2text-indent:0px; text-transform:none; white-space:normal; widows:2; word-spacing:0px; -webkit-text-stroke-width:0px; background-color:rgb(255,255,255); text-decoration-style:initial; text-decoration-color:initial; text-align:left;\">Con el apoyo de la Marina, la PGJE revent\u00f3 las dos casas de seguridad y en el fraccionamiento Colinas Plus lograron la detenci\u00f3n de otros dos civiles, para sumar en total cuatro.<\/p>\n<p style=\"font-style:normal; font-variant-ligatures:normal; font-variant-caps:normal; font-variant-numeric:inherit; font-variant-east-asian:inherit; font-weight:400; font-stretch:inherit; font-size:16px; line-height:inherit; font-family:sans-serif; padding:0px; border:0px; margin:0px0px20px; vertical-align:baseline; color:rgb(0,0,0); letter-spacing:normal; orphans:2text-indent:0px; text-transform:none; white-space:normal; widows:2; word-spacing:0px; -webkit-text-stroke-width:0px; background-color:rgb(255,255,255); text-decoration-style:initial; text-decoration-color:initial; text-align:left;\">En la versi\u00f3n oficial el procurador Daniel de La Rosa sostuvo que respondieron al ataque de los sicarios que ya los estaban esperando en la casa de seguridad de Colinas Plus.<\/p>\n<p><img data-recalc-dims=\"1\" loading=\"lazy\" decoding=\"async\" data-attachment-id=\"14083\" data-permalink=\"https:\/\/mexicocodigorojo.com.mx\/?attachment_id=14083\" data-orig-file=\"https:\/\/i0.wp.com\/mexicocodigorojo.com.mx\/wp-content\/uploads\/2019\/02\/WhatsApp-Image-2019-02-12-at-19.35.15-1-600x400.jpeg?fit=600%2C400&amp;ssl=1\" data-orig-size=\"600,400\" data-comments-opened=\"1\" data-image-meta=\"{&quot;aperture&quot;:&quot;0&quot;,&quot;credit&quot;:&quot;&quot;,&quot;camera&quot;:&quot;&quot;,&quot;caption&quot;:&quot;&quot;,&quot;created_timestamp&quot;:&quot;0&quot;,&quot;copyright&quot;:&quot;&quot;,&quot;focal_length&quot;:&quot;0&quot;,&quot;iso&quot;:&quot;0&quot;,&quot;shutter_speed&quot;:&quot;0&quot;,&quot;title&quot;:&quot;&quot;,&quot;orientation&quot;:&quot;1&quot;}\" data-image-title=\"WhatsApp-Image-2019-02-12-at-19.35.15-1-600&amp;#215;400.jpeg\" data-image-description=\"\" data-image-caption=\"\" data-large-file=\"https:\/\/i0.wp.com\/mexicocodigorojo.com.mx\/wp-content\/uploads\/2019\/02\/WhatsApp-Image-2019-02-12-at-19.35.15-1-600x400.jpeg?fit=600%2C400&amp;ssl=1\" class=\"alignnone wp-image-14083 size-full\" src=\"https:\/\/i0.wp.com\/mexicocodigorojo.com.mx\/wp-content\/uploads\/2019\/02\/WhatsApp-Image-2019-02-12-at-19.35.15-1-600x400.jpeg?resize=600%2C400&#038;ssl=1\" width=\"600\" height=\"400\" srcset=\"https:\/\/i0.wp.com\/mexicocodigorojo.com.mx\/wp-content\/uploads\/2019\/02\/WhatsApp-Image-2019-02-12-at-19.35.15-1-600x400.jpeg?resize=600%2C400&amp;ssl=1 600w, https:\/\/i0.wp.com\/mexicocodigorojo.com.mx\/wp-content\/uploads\/2019\/02\/WhatsApp-Image-2019-02-12-at-19.35.15-1-600x400.jpeg?resize=300%2C200&amp;ssl=1 300w\" sizes=\"auto, (max-width: 600px) 100vw, 600px\" \/><\/p>\n<p style=\"font-style:normal; font-variant-ligatures:normal; font-variant-caps:normal; font-variant-numeric:inherit; font-variant-east-asian:inherit; font-weight:400; font-stretch:inherit; font-size:16px; line-height:inherit; font-family:sans-serif; padding:0px; border:0px; margin:0px0px20px; vertical-align:baseline; color:rgb(0,0,0); letter-spacing:normal; orphans:2text-indent:0px; text-transform:none; white-space:normal; widows:2; word-spacing:0px; -webkit-text-stroke-width:0px; background-color:rgb(255,255,255); text-decoration-style:initial; text-decoration-color:initial; text-align:center;\"><i>Con el apoyo de la Marina, dijo de La Rosa Anaya, lograron la captura de Guillermo (a) El Memo, de 28 a\u00f1os de edad, Hervey (a) El G\u00fcero de 21 a\u00f1os de edad, Jes\u00fas (a) El Teto de 28 a\u00f1os de edad, y Diego (a) El Diego de 28 a\u00f1os de edad, los tres primeros originarios de Sinaloa, el \u00faltimo de la ciudad de La Paz.<\/i><\/p>\n<p style=\"font-style:normal; font-variant-ligatures:normal; font-variant-caps:normal; font-variant-numeric:inherit; font-variant-east-asian:inherit; font-weight:400; font-stretch:inherit; font-size:16px; line-height:inherit; font-family:sans-serif; padding:0px; border:0px; margin:0px0px20px; vertical-align:baseline; color:rgb(0,0,0); letter-spacing:normal; orphans:2text-indent:0px; text-transform:none; white-space:normal; widows:2; word-spacing:0px; -webkit-text-stroke-width:0px; background-color:rgb(255,255,255); text-decoration-style:initial; text-decoration-color:initial; text-align:left;\">Asimismo en el lugar se decomisaron 11 cuernos de chivo, 36 cargadores abastecidos, cientos de cartuchos \u00fatiles, 8 chalecos t\u00e1cticos as\u00ed como uniformes de diversas corporaciones policiales, una camioneta Nissan Patfhinder color blanco, entre otros objetos de valor.<\/p>\n<p style=\"font-style:normal; font-variant-ligatures:normal; font-variant-caps:normal; font-variant-numeric:inherit; font-variant-east-asian:inherit; font-weight:400; font-stretch:inherit; font-size:16px; line-height:inherit; font-family:sans-serif; padding:0px; border:0px; margin:0px0px20px; vertical-align:baseline; color:rgb(0,0,0); letter-spacing:normal; orphans:2text-indent:0px; text-transform:none; white-space:normal; widows:2; word-spacing:0px; -webkit-text-stroke-width:0px; background-color:rgb(255,255,255); text-decoration-style:initial; text-decoration-color:initial; text-align:left;\">En la conferencia de prensa Daniel Anaya de La Rosa no descart\u00f3 que los detenidos se encuentren relacionados con los \u00faltimos hechos de sangre ocurridos, sin embargo ello se sabr\u00e1 con el avance de las indagatorias.<\/p>\n<p style=\"font-style:normal; font-variant-ligatures:normal; font-variant-caps:normal; font-variant-numeric:inherit; font-variant-east-asian:inherit; font-weight:400; font-stretch:inherit; font-size:16px; line-height:inherit; font-family:sans-serif; padding:0px; border:0px; margin:0px0px20px; vertical-align:baseline; color:rgb(0,0,0); letter-spacing:normal; orphans:2text-indent:0px; text-transform:none; white-space:normal; widows:2; word-spacing:0px; -webkit-text-stroke-width:0px; background-color:rgb(255,255,255); text-decoration-style:initial; text-decoration-color:initial; text-align:left;\">Sin dar mayores detalles, el fiscal estatal dijo que en la unidad motriz decomisada hab\u00edan encontrado drogas y en estos momentos est\u00e1n sometidas a estudios para identificar el tipo de las mismas.<\/p>\n","protected":false},"excerpt":{"rendered":"<p>REVIENTAN CASA DE SEGURIDAD &amp; DETIENEN A SICARIOS DEL CARTEL DE SINALOA EN SAN JOSE DEL CABO BCS La Paz, BCS.- La Procuradur\u00eda General de Justicia del Estado confirm\u00f3 que la tarde del martes en una casa de seguridad del fraccionamiento Colinas Plus de san Jos\u00e9 del Cabo, fueron detenidos 4 integrantes de una c\u00e9lula [&hellip;]<\/p>\n","protected":false},"author":5,"featured_media":0,"comment_status":"open","ping_status":"open","sticky":false,"template":"","format":"standard","meta":{"_uf_show_specific_survey":0,"_uf_disable_surveys":false,"advanced_seo_description":"","jetpack_seo_html_title":"","jetpack_seo_noindex":false,"jetpack_post_was_ever_published":false,"_jetpack_newsletter_access":"","_jetpack_dont_email_post_to_subs":false,"_jetpack_newsletter_tier_id":0,"_jetpack_memberships_contains_paywalled_content":false,"_jetpack_memberships_contains_paid_content":false,"footnotes":"","jetpack_publicize_message":"","jetpack_publicize_feature_enabled":true,"jetpack_social_post_already_shared":false,"jetpack_social_options":{"image_generator_settings":{"template":"highway","default_image_id":0,"font":"","enabled":false},"version":2}},"categories":[134],"tags":[72,12],"class_list":{"0":"post-14085","1":"post","2":"type-post","3":"status-publish","4":"format-standard","6":"category-baja-california-sur","7":"tag-cds","8":"tag-crimen-organizado"},"jetpack_publicize_connections":[],"jetpack_featured_media_url":"","jetpack-related-posts":[{"id":13947,"url":"https:\/\/mexicocodigorojo.com.mx\/?p=13947","url_meta":{"origin":14085,"position":0},"title":"Gente De \u00abEl Marro\u00bb Revientan Casa De Seguridad Del \u00abCJNG\u00bb &#038; Ejecuta A 2 Personas En San Jose De Mendoza Guanajuato","author":"Staff","date":"febrero 10, 2019","format":false,"excerpt":"Gente De \"El Marro\" Revientan Casa De Seguridad Del \"CJNG\" & Ejecuta A 2 Personas En San Jose De Mendoza Guanajuato Sicarios liderados por Jos\u00e9 Antonio Y\u00e9pez Ortiz, alias El Marro, enviaron un terrible mensaje tras un brutal ataque a una supuesta casa de seguridad del C\u00e1rtel Jalisco Nueva Generaci\u00f3n\u2026","rel":"","context":"En \u00abGuanajuato\u00bb","block_context":{"text":"Guanajuato","link":"https:\/\/mexicocodigorojo.com.mx\/?cat=18"},"img":{"alt_text":"","src":"https:\/\/i0.wp.com\/mexicocodigorojo.com.mx\/wp-content\/uploads\/2019\/02\/CYMERA_20190210_151700.jpg?resize=350%2C200&ssl=1","width":350,"height":200,"srcset":"https:\/\/i0.wp.com\/mexicocodigorojo.com.mx\/wp-content\/uploads\/2019\/02\/CYMERA_20190210_151700.jpg?resize=350%2C200&ssl=1 1x, https:\/\/i0.wp.com\/mexicocodigorojo.com.mx\/wp-content\/uploads\/2019\/02\/CYMERA_20190210_151700.jpg?resize=525%2C300&ssl=1 1.5x, https:\/\/i0.wp.com\/mexicocodigorojo.com.mx\/wp-content\/uploads\/2019\/02\/CYMERA_20190210_151700.jpg?resize=700%2C400&ssl=1 2x"},"classes":[]},{"id":7859,"url":"https:\/\/mexicocodigorojo.com.mx\/?p=7859","url_meta":{"origin":14085,"position":1},"title":"Detienen a implicado en el homicidio y desaparici\u00f3n de las 2 j\u00f3venes en San Jos\u00e9 del Cabo","author":"Staff","date":"noviembre 3, 2018","format":false,"excerpt":"El implicado fue localizado en otra entidad, mismo que ya fue capturado y regresado a Baja California Sur. La Paz, Baja California Sur (BCS). La Procuradur\u00eda General de Justicia del Estado (PGJE) dio a conocer, en una conferencia de prensa, que la detenci\u00f3n del supuesto autor material del homicidio de\u2026","rel":"","context":"En \u00abBaja California Sur\u00bb","block_context":{"text":"Baja California Sur","link":"https:\/\/mexicocodigorojo.com.mx\/?cat=134"},"img":{"alt_text":"","src":"https:\/\/i0.wp.com\/mexicocodigorojo.com.mx\/wp-content\/uploads\/2018\/11\/joselyn-jesenia-990x660.jpg?fit=990%2C660&ssl=1&resize=350%2C200","width":350,"height":200,"srcset":"https:\/\/i0.wp.com\/mexicocodigorojo.com.mx\/wp-content\/uploads\/2018\/11\/joselyn-jesenia-990x660.jpg?fit=990%2C660&ssl=1&resize=350%2C200 1x, https:\/\/i0.wp.com\/mexicocodigorojo.com.mx\/wp-content\/uploads\/2018\/11\/joselyn-jesenia-990x660.jpg?fit=990%2C660&ssl=1&resize=525%2C300 1.5x, https:\/\/i0.wp.com\/mexicocodigorojo.com.mx\/wp-content\/uploads\/2018\/11\/joselyn-jesenia-990x660.jpg?fit=990%2C660&ssl=1&resize=700%2C400 2x"},"classes":[]},{"id":9277,"url":"https:\/\/mexicocodigorojo.com.mx\/?p=9277","url_meta":{"origin":14085,"position":2},"title":"VIDEO A UN MES DE CUMPLIRSE UN A\u00d1O DE LA BARBARIE EN BCS","author":"Staff","date":"noviembre 23, 2018","format":false,"excerpt":"A un mes de cumplir uno de los eventos de Alto Impacto que marcaron en el estado de Baja California Sur una etapa de VIOLENCIA EXTREMA entre c\u00e9lulas del Crimen Organizado que se disputar\u00edan la plaza del Narcomenudeo as\u00ed como el trasiego de drogas hacia los Estados Unidos. Este hecho\u2026","rel":"","context":"En \u00abBaja California Sur\u00bb","block_context":{"text":"Baja California Sur","link":"https:\/\/mexicocodigorojo.com.mx\/?cat=134"},"img":{"alt_text":"","src":"","width":0,"height":0},"classes":[]},{"id":7427,"url":"https:\/\/mexicocodigorojo.com.mx\/?p=7427","url_meta":{"origin":14085,"position":3},"title":"ENCUENTRAN FOSA CLANDESTINA EN SAN JOSE DEL CABO BCS","author":"Staff","date":"octubre 28, 2018","format":false,"excerpt":"Dos mujeres y un hombre, los cuerpos hallados en Zacatitos,en San Jos\u00e9 Del Cabo BCS. *La PGJE trabaja en la identificaci\u00f3n de las v\u00edctimas y avanza en las l\u00edneas de investigaci\u00f3n de los hechos La Procuradur\u00eda General de Justicia del Estado (PGJE) informa que derivado del trabajo conjunto entre las\u2026","rel":"","context":"En \u00abBaja California Sur\u00bb","block_context":{"text":"Baja California Sur","link":"https:\/\/mexicocodigorojo.com.mx\/?cat=134"},"img":{"alt_text":"","src":"","width":0,"height":0},"classes":[]},{"id":20632,"url":"https:\/\/mexicocodigorojo.com.mx\/?p=20632","url_meta":{"origin":14085,"position":4},"title":"EN SAN JOSE DEL CABO BCS ASESINARON AL PAPA DE SAMUEL KIM CANTANTE DE K-POP","author":"Staff","date":"julio 27, 2019","format":false,"excerpt":"La Procuradur\u00eda General de Justicia del Estado de Baja California Sur, investiga el homicidio del empresario mexicano y ciudadano estadounidense, Jos\u00e9 Arredondo, asesinado aparentemente a golpes en la ciudad de San Jos\u00e9 del Cabo. La v\u00edctima de 58 a\u00f1os, es padre del cantante de K-POP e \u00eddolo juvenil, conocido como\u2026","rel":"","context":"En \u00abBaja California Sur\u00bb","block_context":{"text":"Baja California Sur","link":"https:\/\/mexicocodigorojo.com.mx\/?cat=134"},"img":{"alt_text":"","src":"https:\/\/i0.wp.com\/mexicocodigorojo.com.mx\/wp-content\/uploads\/2019\/07\/fb_img_1564180002654351311509.jpg?resize=350%2C200&ssl=1","width":350,"height":200,"srcset":"https:\/\/i0.wp.com\/mexicocodigorojo.com.mx\/wp-content\/uploads\/2019\/07\/fb_img_1564180002654351311509.jpg?resize=350%2C200&ssl=1 1x, https:\/\/i0.wp.com\/mexicocodigorojo.com.mx\/wp-content\/uploads\/2019\/07\/fb_img_1564180002654351311509.jpg?resize=525%2C300&ssl=1 1.5x, https:\/\/i0.wp.com\/mexicocodigorojo.com.mx\/wp-content\/uploads\/2019\/07\/fb_img_1564180002654351311509.jpg?resize=700%2C400&ssl=1 2x"},"classes":[]},{"id":12826,"url":"https:\/\/mexicocodigorojo.com.mx\/?p=12826","url_meta":{"origin":14085,"position":5},"title":"Lo \u00abLevantaron\u00bb El Martes En La Noche &#038; Este Mi\u00e9rcoles apareci\u00f3 sin vida En La Colonia Rosarito En San Jose Del Cabo BCS","author":"Staff","date":"enero 23, 2019","format":false,"excerpt":"Lo \"Levantaron\" El Martes En La Noche & Este Mi\u00e9rcoles apareci\u00f3 sin vida En La Colonia Rosarito En San Jose Del Cabo BCS La v\u00edctima fue identificado como Trinidad Arag\u00f3n Ag\u00fandez Los Cabos, BCS.- Era trabajador del Ayuntamiento de Los Cabos el civil que la noche del martes fue levantado\u2026","rel":"","context":"En \u00abBaja California Sur\u00bb","block_context":{"text":"Baja California Sur","link":"https:\/\/mexicocodigorojo.com.mx\/?cat=134"},"img":{"alt_text":"","src":"","width":0,"height":0},"classes":[]}],"jetpack_sharing_enabled":true,"jetpack_likes_enabled":true,"jetpack_shortlink":"https:\/\/wp.me\/p9TedA-3Fb","_links":{"self":[{"href":"https:\/\/mexicocodigorojo.com.mx\/index.php?rest_route=\/wp\/v2\/posts\/14085","targetHints":{"allow":["GET"]}}],"collection":[{"href":"https:\/\/mexicocodigorojo.com.mx\/index.php?rest_route=\/wp\/v2\/posts"}],"about":[{"href":"https:\/\/mexicocodigorojo.com.mx\/index.php?rest_route=\/wp\/v2\/types\/post"}],"author":[{"embeddable":true,"href":"https:\/\/mexicocodigorojo.com.mx\/index.php?rest_route=\/wp\/v2\/users\/5"}],"replies":[{"embeddable":true,"href":"https:\/\/mexicocodigorojo.com.mx\/index.php?rest_route=%2Fwp%2Fv2%2Fcomments&post=14085"}],"version-history":[{"count":0,"href":"https:\/\/mexicocodigorojo.com.mx\/index.php?rest_route=\/wp\/v2\/posts\/14085\/revisions"}],"wp:attachment":[{"href":"https:\/\/mexicocodigorojo.com.mx\/index.php?rest_route=%2Fwp%2Fv2%2Fmedia&parent=14085"}],"wp:term":[{"taxonomy":"category","embeddable":true,"href":"https:\/\/mexicocodigorojo.com.mx\/index.php?rest_route=%2Fwp%2Fv2%2Fcategories&post=14085"},{"taxonomy":"post_tag","embeddable":true,"href":"https:\/\/mexicocodigorojo.com.mx\/index.php?rest_route=%2Fwp%2Fv2%2Ftags&post=14085"}],"curies":[{"name":"wp","href":"https:\/\/api.w.org\/{rel}","templated":true}]}}