{"id":11806,"date":"2019-01-06T13:27:00","date_gmt":"2019-01-06T13:27:00","guid":{"rendered":"https:\/\/mexicocodigorojo.com.mx\/?p=11806"},"modified":"2019-01-06T14:10:06","modified_gmt":"2019-01-06T14:10:06","slug":"video-se-electrocuta-al-tocar-cables-de-alta-tension-en-progreso-yucatan","status":"publish","type":"post","link":"https:\/\/mexicocodigorojo.com.mx\/?p=11806","title":{"rendered":"VIDEO SE ELECTROCUTA AL TOCAR CABLES DE ALTA TENSION EN PROGRESO YUCATAN"},"content":{"rendered":"<p><strong><i>VIDEO SE ELECTROCUTA AL TOCAR CABLES DE ALTA TENSION EN PROGRESO YUCATAN <\/i><\/strong><\/p>\n<p><span style=\"color:rgb(34,34,34); font-family:Verdana,Geneva,sans-serif; font-size:15px; font-style:normal; font-variant-ligatures:normal; font-variant-caps:normal; font-weight:400; letter-spacing:normal; orphans:2text-indent:0px; text-transform:none; white-space:normal; widows:2; word-spacing:0px; -webkit-text-stroke-width:0px; background-color:rgb(255,255,255); text-decoration-style:initial; text-decoration-color:initial; display:inline!important; float:none; text-align:left;\">Un trabajador sufri\u00f3 una fuerte descarga el\u00e9ctrica tras levantar unos cables de luz para que un cami\u00f3n que llevaba un barco pudiera por calles del puerto.<\/span><\/p>\n<p style=\"box-sizing:border-box; font-family:Verdana,Geneva,sans-serif; font-size:15px; line-height:26px; margin-top:0px; margin-bottom:26px; overflow-wrap:break-word; color:rgb(34,34,34); font-style:normal; font-variant-ligatures:normal; font-variant-caps:normal; font-weight:400; letter-spacing:normal; orphans:2; text-indent:0px; text-transform:none; white-space:normal; widows:2; word-spacing:0px; -webkit-text-stroke-width:0px; background-color:rgb(255,255,255); text-decoration-style:initial; text-decoration-color:initial; text-align:left;\">Luis C., de 34 a\u00f1os de edad, sufri\u00f3 quemaduras en la frente, brazos y piernas despu\u00e9s del incidente, que ocurri\u00f3 alrededor de las cinco de la tarde en la calle 33 por 18 de la colonia Benito Ju\u00e1rez.<\/p>\n<p style=\"box-sizing:border-box; font-family:Verdana,Geneva,sans-serif; font-size:15px; line-height:26px; margin-top:0px; margin-bottom:26px; overflow-wrap:break-word; color:rgb(34,34,34); font-style:normal; font-variant-ligatures:normal; font-variant-caps:normal; font-weight:400; letter-spacing:normal; orphans:2; text-indent:0px; text-transform:none; white-space:normal; widows:2; word-spacing:0px; -webkit-text-stroke-width:0px; background-color:rgb(255,255,255); text-decoration-style:initial; text-decoration-color:initial; text-align:left;\">En un video que circula en redes sociales se puede observar c\u00f3mo el lesionado levanta uno de los cables e, instantes despu\u00e9s, hace contacto con otro, m\u00e1s elevado, con la cabeza, lo que gener\u00f3 la electrocuci\u00f3n.<\/p>\n<p style=\"box-sizing:border-box; font-family:Verdana,Geneva,sans-serif; font-size:15px; line-height:26px; margin-top:0px; margin-bottom:26px; overflow-wrap:break-word; color:rgb(34,34,34); font-style:normal; font-variant-ligatures:normal; font-variant-caps:normal; font-weight:400; letter-spacing:normal; orphans:2; text-indent:0px; text-transform:none; white-space:normal; widows:2; word-spacing:0px; -webkit-text-stroke-width:0px; background-color:rgb(255,255,255); text-decoration-style:initial; text-decoration-color:initial; text-align:left;\">Param\u00e9dicos de la Secretar\u00eda de Seguridad P\u00fablica (SSP) atendieron al hombre, que fue trasladado al Centro M\u00e9dico Americano de Progreso.<\/p>\n<p style=\"box-sizing:border-box; font-family:Verdana,Geneva,sans-serif; font-size:15px; line-height:26px; margin-top:0px; margin-bottom:26px; overflow-wrap:break-word; color:rgb(34,34,34); font-style:normal; font-variant-ligatures:normal; font-variant-caps:normal; font-weight:400; letter-spacing:normal; orphans:2; text-indent:0px; text-transform:none; white-space:normal; widows:2; word-spacing:0px; -webkit-text-stroke-width:0px; background-color:rgb(255,255,255); text-decoration-style:initial; text-decoration-color:initial; text-align:left;\">Por su parte, el tractocami\u00f3n que transporta el inmenso barco nuevo, este fue abanderado por la polic\u00eda municipal.<\/p>\n<p style=\"box-sizing:border-box; font-family:Verdana,Geneva,sans-serif; font-size:15px; line-height:26px; margin-top:0px; margin-bottom:26px; overflow-wrap:break-word; color:rgb(34,34,34); font-style:normal; font-variant-ligatures:normal; font-variant-caps:normal; font-weight:400; letter-spacing:normal; orphans:2; text-indent:0px; text-transform:none; white-space:normal; widows:2; word-spacing:0px; -webkit-text-stroke-width:0px; background-color:rgb(255,255,255); text-decoration-style:initial; text-decoration-color:initial; text-align:left;\">De hecho, en medios locales informaron los inconvenientes para movilizarlo la noche del viernes, especialmente con los cables de corriente, debido al tama\u00f1o de la embarcaci\u00f3n.<\/p>\n<p>https:\/\/twitter.com\/Mexico_RojoMx\/status\/1081915595828822016?s=19<\/p>\n","protected":false},"excerpt":{"rendered":"<p>VIDEO SE ELECTROCUTA AL TOCAR CABLES DE ALTA TENSION EN PROGRESO YUCATAN Un trabajador sufri\u00f3 una fuerte descarga el\u00e9ctrica tras levantar unos cables de luz para que un cami\u00f3n que llevaba un barco pudiera por calles del puerto. Luis C., de 34 a\u00f1os de edad, sufri\u00f3 quemaduras en la frente, brazos y piernas despu\u00e9s del [&hellip;]<\/p>\n","protected":false},"author":5,"featured_media":0,"comment_status":"open","ping_status":"open","sticky":false,"template":"","format":"standard","meta":{"_uf_show_specific_survey":0,"_uf_disable_surveys":false,"advanced_seo_description":"","jetpack_seo_html_title":"","jetpack_seo_noindex":false,"jetpack_post_was_ever_published":false,"_jetpack_newsletter_access":"","_jetpack_dont_email_post_to_subs":false,"_jetpack_newsletter_tier_id":0,"_jetpack_memberships_contains_paywalled_content":false,"_jetpack_memberships_contains_paid_content":false,"footnotes":"","jetpack_publicize_message":"","jetpack_publicize_feature_enabled":true,"jetpack_social_post_already_shared":false,"jetpack_social_options":{"image_generator_settings":{"template":"highway","default_image_id":0,"font":"","enabled":false},"version":2}},"categories":[414],"tags":[415],"class_list":{"0":"post-11806","1":"post","2":"type-post","3":"status-publish","4":"format-standard","6":"category-yucatan","7":"tag-accidente"},"jetpack_publicize_connections":[],"jetpack_featured_media_url":"","jetpack-related-posts":[{"id":14509,"url":"https:\/\/mexicocodigorojo.com.mx\/?p=14509","url_meta":{"origin":11806,"position":0},"title":"VIDEO: Hombre muere electrocutado al tocar cables de alta tensi\u00f3n en Guadalajara, Jalisco","author":"Staff","date":"febrero 23, 2019","format":false,"excerpt":"VIDEO: Hombre muere electrocutado al tocar cables de alta tensi\u00f3n en Guadalajara, Jalisco El pasado 19 de febrero se registro un hecho lamentable que qued\u00f3 registrado en v\u00eddeo y seria colgado a las redes sociales viralizandose en cuesti\u00f3n de minutos donde testigos del hecho se\u00f1alan que un hombre intentaba trascender\u2026","rel":"","context":"En \u00abJalisco\u00bb","block_context":{"text":"Jalisco","link":"https:\/\/mexicocodigorojo.com.mx\/?cat=8"},"img":{"alt_text":"","src":"","width":0,"height":0},"classes":[]},{"id":10049,"url":"https:\/\/mexicocodigorojo.com.mx\/?p=10049","url_meta":{"origin":11806,"position":1},"title":"Detienen a l\u00edder del C\u00e1rtel del Golfo en Yucat\u00e1n era jefe de plaza en Nuevo Le\u00f3n.","author":"Staff","date":"diciembre 7, 2018","format":false,"excerpt":"Detienen a l\u00edder del C\u00e1rtel del Golfo en Yucat\u00e1n era jefe de plaza en Nuevo Le\u00f3n. M\u00e9rida Yucat\u00e1n 6 Diciembre de 2018 (ACOM).-Eleazar Medina Rojas alias \u201cEl Chelelo\u201d l\u00edder del C\u00e1rtel del Golfo y quien manten\u00eda el control de la plaza de Nuevo Le\u00f3n, habr\u00eda sido detenido en Yucat\u00e1n de\u2026","rel":"","context":"En \u00abNuevo Le\u00f3n\u00bb","block_context":{"text":"Nuevo Le\u00f3n","link":"https:\/\/mexicocodigorojo.com.mx\/?cat=29"},"img":{"alt_text":"","src":"https:\/\/i0.wp.com\/mexicocodigorojo.com.mx\/wp-content\/uploads\/2018\/12\/img_20181206_210638_0381741294485.jpg?resize=350%2C200&ssl=1","width":350,"height":200},"classes":[]},{"id":18920,"url":"https:\/\/mexicocodigorojo.com.mx\/?p=18920","url_meta":{"origin":11806,"position":2},"title":"EN YUCATAN UNA JOVEN LE HACE SE\u00d1AL OBSCENA AL PRESIDENTE DE MEXICO AMLO","author":"Staff","date":"junio 23, 2019","format":false,"excerpt":"M\u00c9RIDA.\u2014 Una joven con uniforme escolar le hizo una se\u00f1a obscena al presidente Andr\u00e9s Manuel L\u00f3pez Obrador durante el evento que encabez\u00f3 ayer s\u00e1bado en la Unidad Deportiva de la Inal\u00e1mbrica, en M\u00e9rida Yucat\u00e1n. La imagen gener\u00f3 risas entre los presentes en el evento pues apareci\u00f3 en la pantalla instalada\u2026","rel":"","context":"En \u00abYucatan\u00bb","block_context":{"text":"Yucatan","link":"https:\/\/mexicocodigorojo.com.mx\/?cat=414"},"img":{"alt_text":"","src":"","width":0,"height":0},"classes":[]},{"id":60062,"url":"https:\/\/mexicocodigorojo.com.mx\/?p=60062","url_meta":{"origin":11806,"position":3},"title":"Tabasco | Video CJNG Decapitan a 3 masculinos y env\u00edan mensaje al l\u00edder de La Barredora que huyo a Merida Yucatan","author":"MexicoRojo","date":"abril 30, 2024","format":false,"excerpt":"En redes sociales circula un v\u00eddeo donde presuntamente el Cartel de Jalisco Nueva Generaci\u00f3n (CJNG) decapita a tres integrantes del \u201cLa Barredora\u201d (Ex Zetas) en el estado de Tabasco. \u00a0 El v\u00eddeo, adem\u00e1s de ser terriblemente espantoso, ya que muestra c\u00f3mo le cortan la cabeza a tres hombres con un\u2026","rel":"","context":"En \u00abFeatured\u00bb","block_context":{"text":"Featured","link":"https:\/\/mexicocodigorojo.com.mx\/?cat=1724"},"img":{"alt_text":"","src":"https:\/\/i0.wp.com\/mexicocodigorojo.com.mx\/wp-content\/uploads\/2024\/04\/20240430_125333.jpg?fit=1200%2C679&ssl=1&resize=350%2C200","width":350,"height":200,"srcset":"https:\/\/i0.wp.com\/mexicocodigorojo.com.mx\/wp-content\/uploads\/2024\/04\/20240430_125333.jpg?fit=1200%2C679&ssl=1&resize=350%2C200 1x, https:\/\/i0.wp.com\/mexicocodigorojo.com.mx\/wp-content\/uploads\/2024\/04\/20240430_125333.jpg?fit=1200%2C679&ssl=1&resize=525%2C300 1.5x, https:\/\/i0.wp.com\/mexicocodigorojo.com.mx\/wp-content\/uploads\/2024\/04\/20240430_125333.jpg?fit=1200%2C679&ssl=1&resize=700%2C400 2x, https:\/\/i0.wp.com\/mexicocodigorojo.com.mx\/wp-content\/uploads\/2024\/04\/20240430_125333.jpg?fit=1200%2C679&ssl=1&resize=1050%2C600 3x"},"classes":[]},{"id":61990,"url":"https:\/\/mexicocodigorojo.com.mx\/?p=61990","url_meta":{"origin":11806,"position":4},"title":"\u00bfQuetzalc\u00f3atl y Chaac Vs Poseid\u00f3n en el hurac\u00e1n Beryl ?","author":"MCR","date":"julio 4, 2024","format":false,"excerpt":"Se desat\u00f3 el inter\u00e9s en redes sociales, ya que la cuenta Webcams de M\u00e9xico difundi\u00f3 una fotograf\u00eda que r\u00e1pidamente se volvi\u00f3 viral ante la inminente llegada del hurac\u00e1n 'Beryl'. La imagen muestra una extra\u00f1a nube que muchos aseguran tiene la forma del Dios Quetzalc\u00f3atl. Las historias fant\u00e1sticas no se hicieron\u2026","rel":"","context":"En \u00abCiudad de M\u00e9xico\u00bb","block_context":{"text":"Ciudad de M\u00e9xico","link":"https:\/\/mexicocodigorojo.com.mx\/?cat=101"},"img":{"alt_text":"","src":"https:\/\/i0.wp.com\/mexicocodigorojo.com.mx\/wp-content\/uploads\/2024\/07\/3140777.webp?fit=420%2C340&ssl=1&resize=350%2C200","width":350,"height":200},"classes":[]},{"id":14649,"url":"https:\/\/mexicocodigorojo.com.mx\/?p=14649","url_meta":{"origin":11806,"position":5},"title":"Atrapan a seis pistoleros que permanec\u00edan ocultos dentro de una cueva en Motul, Yucat\u00e1n","author":"Staff","date":"febrero 25, 2019","format":false,"excerpt":"MOTUL, Yuc.- Tras un descomunal operativo en el que participaron m\u00e1s de 250 elementos de las polic\u00edas estatal, federal y el Ej\u00e9rcito, as\u00ed como dos helic\u00f3pteros, fueron detenidos seis pistoleros que eran buscados desde ayer en los montes de esta demarcaci\u00f3n. Los sujetos estaban ocultos en una cueva y fueron\u2026","rel":"","context":"En \u00abYucatan\u00bb","block_context":{"text":"Yucatan","link":"https:\/\/mexicocodigorojo.com.mx\/?cat=414"},"img":{"alt_text":"","src":"https:\/\/i0.wp.com\/mexicocodigorojo.com.mx\/wp-content\/uploads\/2019\/02\/Motul.jpg?fit=1200%2C900&ssl=1&resize=350%2C200","width":350,"height":200,"srcset":"https:\/\/i0.wp.com\/mexicocodigorojo.com.mx\/wp-content\/uploads\/2019\/02\/Motul.jpg?fit=1200%2C900&ssl=1&resize=350%2C200 1x, https:\/\/i0.wp.com\/mexicocodigorojo.com.mx\/wp-content\/uploads\/2019\/02\/Motul.jpg?fit=1200%2C900&ssl=1&resize=525%2C300 1.5x, https:\/\/i0.wp.com\/mexicocodigorojo.com.mx\/wp-content\/uploads\/2019\/02\/Motul.jpg?fit=1200%2C900&ssl=1&resize=700%2C400 2x, https:\/\/i0.wp.com\/mexicocodigorojo.com.mx\/wp-content\/uploads\/2019\/02\/Motul.jpg?fit=1200%2C900&ssl=1&resize=1050%2C600 3x"},"classes":[]}],"jetpack_sharing_enabled":true,"jetpack_likes_enabled":true,"jetpack_shortlink":"https:\/\/wp.me\/p9TedA-34q","_links":{"self":[{"href":"https:\/\/mexicocodigorojo.com.mx\/index.php?rest_route=\/wp\/v2\/posts\/11806","targetHints":{"allow":["GET"]}}],"collection":[{"href":"https:\/\/mexicocodigorojo.com.mx\/index.php?rest_route=\/wp\/v2\/posts"}],"about":[{"href":"https:\/\/mexicocodigorojo.com.mx\/index.php?rest_route=\/wp\/v2\/types\/post"}],"author":[{"embeddable":true,"href":"https:\/\/mexicocodigorojo.com.mx\/index.php?rest_route=\/wp\/v2\/users\/5"}],"replies":[{"embeddable":true,"href":"https:\/\/mexicocodigorojo.com.mx\/index.php?rest_route=%2Fwp%2Fv2%2Fcomments&post=11806"}],"version-history":[{"count":0,"href":"https:\/\/mexicocodigorojo.com.mx\/index.php?rest_route=\/wp\/v2\/posts\/11806\/revisions"}],"wp:attachment":[{"href":"https:\/\/mexicocodigorojo.com.mx\/index.php?rest_route=%2Fwp%2Fv2%2Fmedia&parent=11806"}],"wp:term":[{"taxonomy":"category","embeddable":true,"href":"https:\/\/mexicocodigorojo.com.mx\/index.php?rest_route=%2Fwp%2Fv2%2Fcategories&post=11806"},{"taxonomy":"post_tag","embeddable":true,"href":"https:\/\/mexicocodigorojo.com.mx\/index.php?rest_route=%2Fwp%2Fv2%2Ftags&post=11806"}],"curies":[{"name":"wp","href":"https:\/\/api.w.org\/{rel}","templated":true}]}}