{"id":11581,"date":"2019-01-02T03:43:08","date_gmt":"2019-01-02T03:43:08","guid":{"rendered":"https:\/\/mexicocodigorojo.com.mx\/?p=11581"},"modified":"2019-01-02T03:44:33","modified_gmt":"2019-01-02T03:44:33","slug":"pediran-justicia-para-victimas-y-desaparecidos-en-reynosa","status":"publish","type":"post","link":"https:\/\/mexicocodigorojo.com.mx\/?p=11581","title":{"rendered":"Pedir\u00e1n justicia para v\u00edctimas y desaparecidos en Reynosa"},"content":{"rendered":"<p>Pedir\u00e1n al Presidente de la Rep\u00fablica, Andr\u00e9s Manuel L\u00f3pez Obrador, se agilicen las investigaciones en torno a las desapariciones forzadas y se brinden los apoyos necesarios a los familiares v\u00edctimas de delitos de alto impacto, como el secuestro y el asesinato.<\/p>\n<p>Geovanni Barrios, Presidente de Justicia Tamaulipas, gir\u00f3 la invitaci\u00f3n mediante un video que subi\u00f3 a las redes sociales para que ciudadanos que hayan sido v\u00edctimas o sean familiares de v\u00edctimas, puedan integrarse al expediente que buscar\u00e1n entregar en la mano al mandatario.<\/p>\n<p>\u00abEstoy convocando a todas las personas que tengan un familiar desaparecido, a todas las familias que han sufrido de esta situaci\u00f3n que se comuniquen con nosotros. Estamos solicitando una reuni\u00f3n con el Presidente de M\u00e9xico para hacerle saber toda la problem\u00e1tica que hemos tenido. Asimismo, si has tenido conflicto con la Comisi\u00f3n Ejecutiva de Atenci\u00f3n a V\u00edctimas, en lo que es cuesti\u00f3nd e traslados, tus medidas o cualquier apoyo al que tienes derecho y ellos la obligaci\u00f3n, tambi\u00e9n lo haremos saber al Presidente de la Rep\u00fablica\u00bb,-comunic\u00f3.<\/p>\n<p>Tamaulipas, y especialmente Reynosa, son de las regiones m\u00e1s inseguras del pa\u00eds.<\/p>\n<p>Aqu\u00ed se disputan el control de la plaza dos grupos de la delincuencia organizada, quienes mantienen constantes enfrentamientos entre ellos o con las fuerzas armadas.<\/p>\n<p>Enmedio de esta guerra, la ciudadan\u00eda permanece en la zozobra y frecuentemente se da cuenta de v\u00edctimas colaterales y da\u00f1os millonarios a bienes de particulares.<\/p>\n<p>En d\u00edas pasados arribaron al aeropuerto de Reynosa grupos de la milicia altamente capacitados. Se dijo que participaron en algunos conflictos armados del Medio Oriente, con capacidad para enfrentar con mejor \u00e9xito a las c\u00e9lulas del crimen organizado.<\/p>\n<p><iframe loading=\"lazy\" title=\"Pedir\u00e1n Justicia para v\u00edctimas y desaparecidos en Reynosa\" width=\"696\" height=\"392\" src=\"https:\/\/www.youtube.com\/embed\/IWurQnyJmc0?feature=oembed\" frameborder=\"0\" allow=\"accelerometer; autoplay; clipboard-write; encrypted-media; gyroscope; picture-in-picture\" allowfullscreen><\/iframe><\/p>\n<p>Con informaci\u00f3n de reynosapost<\/p>\n","protected":false},"excerpt":{"rendered":"<p>Pedir\u00e1n al Presidente de la Rep\u00fablica, Andr\u00e9s Manuel L\u00f3pez Obrador, se agilicen las investigaciones en torno a las desapariciones forzadas y se brinden los apoyos necesarios a los familiares v\u00edctimas de delitos de alto impacto, como el secuestro y el asesinato. Geovanni Barrios, Presidente de Justicia Tamaulipas, gir\u00f3 la invitaci\u00f3n mediante un video que subi\u00f3 [&hellip;]<\/p>\n","protected":false},"author":5,"featured_media":0,"comment_status":"open","ping_status":"open","sticky":false,"template":"","format":"standard","meta":{"_uf_show_specific_survey":0,"_uf_disable_surveys":false,"advanced_seo_description":"","jetpack_seo_html_title":"","jetpack_seo_noindex":false,"jetpack_post_was_ever_published":false,"_jetpack_newsletter_access":"","_jetpack_dont_email_post_to_subs":false,"_jetpack_newsletter_tier_id":0,"_jetpack_memberships_contains_paywalled_content":false,"_jetpack_memberships_contains_paid_content":false,"footnotes":"","jetpack_publicize_message":"","jetpack_publicize_feature_enabled":true,"jetpack_social_post_already_shared":false,"jetpack_social_options":{"image_generator_settings":{"template":"highway","default_image_id":0,"font":"","enabled":false},"version":2}},"categories":[2],"tags":[9,59],"class_list":{"0":"post-11581","1":"post","2":"type-post","3":"status-publish","4":"format-standard","6":"category-tamaulipas","7":"tag-desaparecidos","8":"tag-seguridad"},"jetpack_publicize_connections":[],"jetpack_featured_media_url":"","jetpack-related-posts":[{"id":39396,"url":"https:\/\/mexicocodigorojo.com.mx\/?p=39396","url_meta":{"origin":11581,"position":0},"title":"Familiares de desaparecidos exigen reuni\u00f3n con AMLO y la destituci\u00f3n de titular de la CEAV","author":"Staff","date":"junio 9, 2020","format":false,"excerpt":"Familiares de desaparecidos exigieron una reuni\u00f3n con el presidente Andr\u00e9s Manuel L\u00f3pez Obrador y la destituci\u00f3n de la presidenta de la Comisi\u00f3n Ejecutiva de Atenci\u00f3n a V\u00edctimas (CEAV), Mara G\u00f3mez P\u00e9rez, a quien acusan de insensible e incompetente. Hace una semana, G\u00f3mez P\u00e9rez dio a conocer el recorte de 75%\u2026","rel":"","context":"En \u00abCiudad de M\u00e9xico\u00bb","block_context":{"text":"Ciudad de M\u00e9xico","link":"https:\/\/mexicocodigorojo.com.mx\/?cat=101"},"img":{"alt_text":"","src":"https:\/\/i0.wp.com\/mexicocodigorojo.com.mx\/wp-content\/uploads\/2020\/06\/CEAV-870x522-1.jpeg?fit=870%2C522&ssl=1&resize=350%2C200","width":350,"height":200,"srcset":"https:\/\/i0.wp.com\/mexicocodigorojo.com.mx\/wp-content\/uploads\/2020\/06\/CEAV-870x522-1.jpeg?fit=870%2C522&ssl=1&resize=350%2C200 1x, https:\/\/i0.wp.com\/mexicocodigorojo.com.mx\/wp-content\/uploads\/2020\/06\/CEAV-870x522-1.jpeg?fit=870%2C522&ssl=1&resize=525%2C300 1.5x, https:\/\/i0.wp.com\/mexicocodigorojo.com.mx\/wp-content\/uploads\/2020\/06\/CEAV-870x522-1.jpeg?fit=870%2C522&ssl=1&resize=700%2C400 2x"},"classes":[]},{"id":13805,"url":"https:\/\/mexicocodigorojo.com.mx\/?p=13805","url_meta":{"origin":11581,"position":1},"title":"Mi hijo no es criminal, Sr. Presidente!!!","author":"Staff","date":"febrero 8, 2019","format":false,"excerpt":"Reynosa, Tamaulipas. - El Presidente de la Asociaci\u00f3n Civil Justicia Tamaulipas, Geovanni F. Barrios Moreno, acudir\u00e1 a la Comisi\u00f3n Nacional de Derechos Humanos (CNDH) a interponer una queja contra el Presidente de la Rep\u00fablica Andr\u00e9s Manuel L\u00f3pez Obrador, debido a las declaraciones que realiz\u00f3 en su conferencia de prensa sobre\u2026","rel":"","context":"En \u00abTamaulipas\u00bb","block_context":{"text":"Tamaulipas","link":"https:\/\/mexicocodigorojo.com.mx\/?cat=2"},"img":{"alt_text":"","src":"","width":0,"height":0},"classes":[]},{"id":20667,"url":"https:\/\/mexicocodigorojo.com.mx\/?p=20667","url_meta":{"origin":11581,"position":2},"title":"ASPIRA TAMAULIPECO GEOVANNI BARRIOS MORENO A LA TITULARIDAD DE LA CEAV","author":"Staff","date":"julio 28, 2019","format":false,"excerpt":"Candidato a ocupar la titularidad de la Comisi\u00f3n Ejecutiva de Atenci\u00f3n a V\u00edctimas (CEAV) de la Subsecretar\u00eda de Derechos Humanos, Poblaci\u00f3n y Migraci\u00f3n, es un reconocido activista de la ciudad de Reynosa. Luego de que fueran recibidas 354 propuestas como resultado de una consulta p\u00fablica para seleccionar al titular de\u2026","rel":"","context":"En \u00abCiudad de M\u00e9xico\u00bb","block_context":{"text":"Ciudad de M\u00e9xico","link":"https:\/\/mexicocodigorojo.com.mx\/?cat=101"},"img":{"alt_text":"","src":"https:\/\/i0.wp.com\/mexicocodigorojo.com.mx\/wp-content\/uploads\/2019\/07\/Geovanni-Barrios-Moreno.jpg?fit=620%2C413&ssl=1&resize=350%2C200","width":350,"height":200,"srcset":"https:\/\/i0.wp.com\/mexicocodigorojo.com.mx\/wp-content\/uploads\/2019\/07\/Geovanni-Barrios-Moreno.jpg?fit=620%2C413&ssl=1&resize=350%2C200 1x, https:\/\/i0.wp.com\/mexicocodigorojo.com.mx\/wp-content\/uploads\/2019\/07\/Geovanni-Barrios-Moreno.jpg?fit=620%2C413&ssl=1&resize=525%2C300 1.5x"},"classes":[]},{"id":56611,"url":"https:\/\/mexicocodigorojo.com.mx\/?p=56611","url_meta":{"origin":11581,"position":3},"title":"FGJTAM cae en desacato al incumplir orden judicial para auxiliar a colectivos de b\u00fasqueda en Reynosa","author":"MexicoRojoCvmx","date":"julio 21, 2023","format":false,"excerpt":"Reynosa, Tamaulipas - La Fiscal\u00eda General de Justicia de Tamaulipas, encabezada por Irving Barrios Mojica, se encuentra en el ojo del hurac\u00e1n al haber incurrido en desacato al no cumplir una orden emitida por un juez administrativo. Este lamentable suceso tiene su origen en un macabro hallazgo realizado por el\u2026","rel":"","context":"En \u00abFeatured\u00bb","block_context":{"text":"Featured","link":"https:\/\/mexicocodigorojo.com.mx\/?cat=1724"},"img":{"alt_text":"","src":"https:\/\/i0.wp.com\/mexicocodigorojo.com.mx\/wp-content\/uploads\/2023\/07\/desaparecidos.jpg?fit=1200%2C745&ssl=1&resize=350%2C200","width":350,"height":200,"srcset":"https:\/\/i0.wp.com\/mexicocodigorojo.com.mx\/wp-content\/uploads\/2023\/07\/desaparecidos.jpg?fit=1200%2C745&ssl=1&resize=350%2C200 1x, https:\/\/i0.wp.com\/mexicocodigorojo.com.mx\/wp-content\/uploads\/2023\/07\/desaparecidos.jpg?fit=1200%2C745&ssl=1&resize=525%2C300 1.5x, https:\/\/i0.wp.com\/mexicocodigorojo.com.mx\/wp-content\/uploads\/2023\/07\/desaparecidos.jpg?fit=1200%2C745&ssl=1&resize=700%2C400 2x, https:\/\/i0.wp.com\/mexicocodigorojo.com.mx\/wp-content\/uploads\/2023\/07\/desaparecidos.jpg?fit=1200%2C745&ssl=1&resize=1050%2C600 3x"},"classes":[]},{"id":50453,"url":"https:\/\/mexicocodigorojo.com.mx\/?p=50453","url_meta":{"origin":11581,"position":4},"title":"HACEN PACTO, EJECUTAN A &#8216;EL MAESTRIN&#8217; Y MADRES ENV\u00cdAN CARTA A L\u00cdDER DEL CDG","author":"Staff","date":"julio 31, 2021","format":false,"excerpt":"Ciudad Victoria, Tamaulipas, 28 de julio 2021.- La Fiscal\u00eda General de Justicia de Tamaulipas informa que, con base en estudios periciales, se confirm\u00f3 la identidad de Edgar Valladares Hern\u00e1ndez, alias \u201cEl Maestr\u00edn\u201d, cuyo cuerpo fue encontrado la noche del pasado 26 de julio, con lesiones por arma de fuego, en\u2026","rel":"","context":"En \u00abFeatured\u00bb","block_context":{"text":"Featured","link":"https:\/\/mexicocodigorojo.com.mx\/?cat=1724"},"img":{"alt_text":"","src":"https:\/\/i0.wp.com\/mexicocodigorojo.com.mx\/wp-content\/uploads\/2021\/07\/IMG-20210731-WA0010-1.jpg?fit=1162%2C624&ssl=1&resize=350%2C200","width":350,"height":200,"srcset":"https:\/\/i0.wp.com\/mexicocodigorojo.com.mx\/wp-content\/uploads\/2021\/07\/IMG-20210731-WA0010-1.jpg?fit=1162%2C624&ssl=1&resize=350%2C200 1x, https:\/\/i0.wp.com\/mexicocodigorojo.com.mx\/wp-content\/uploads\/2021\/07\/IMG-20210731-WA0010-1.jpg?fit=1162%2C624&ssl=1&resize=525%2C300 1.5x, https:\/\/i0.wp.com\/mexicocodigorojo.com.mx\/wp-content\/uploads\/2021\/07\/IMG-20210731-WA0010-1.jpg?fit=1162%2C624&ssl=1&resize=700%2C400 2x, https:\/\/i0.wp.com\/mexicocodigorojo.com.mx\/wp-content\/uploads\/2021\/07\/IMG-20210731-WA0010-1.jpg?fit=1162%2C624&ssl=1&resize=1050%2C600 3x"},"classes":[]},{"id":20936,"url":"https:\/\/mexicocodigorojo.com.mx\/?p=20936","url_meta":{"origin":11581,"position":5},"title":"ACTIVAN OPERATIVOS PARA LOCALIZAR DESAPARECIDOS EN REYNOSA","author":"Staff","date":"agosto 1, 2019","format":false,"excerpt":"Reynosa, Tamaulipas.- La Procuradur\u00eda General de Justicia de Tamaulipas informa que la Comisi\u00f3n Estatal de B\u00fasqueda (CEB), en coordinaci\u00f3n con la Fiscal\u00eda Especializada en Investigaci\u00f3n de Delitos de Desaparici\u00f3n Forzada (FEPD), lleva a cabo un operativo en diferentes puntos del municipio de Reynosa que tiene como fin localizar indicios que\u2026","rel":"","context":"En \u00abTamaulipas\u00bb","block_context":{"text":"Tamaulipas","link":"https:\/\/mexicocodigorojo.com.mx\/?cat=2"},"img":{"alt_text":"","src":"https:\/\/i0.wp.com\/mexicocodigorojo.com.mx\/wp-content\/uploads\/2019\/08\/img-20190801-wa00926690750634960947814.jpg?resize=350%2C200&ssl=1","width":350,"height":200,"srcset":"https:\/\/i0.wp.com\/mexicocodigorojo.com.mx\/wp-content\/uploads\/2019\/08\/img-20190801-wa00926690750634960947814.jpg?resize=350%2C200&ssl=1 1x, https:\/\/i0.wp.com\/mexicocodigorojo.com.mx\/wp-content\/uploads\/2019\/08\/img-20190801-wa00926690750634960947814.jpg?resize=525%2C300&ssl=1 1.5x, https:\/\/i0.wp.com\/mexicocodigorojo.com.mx\/wp-content\/uploads\/2019\/08\/img-20190801-wa00926690750634960947814.jpg?resize=700%2C400&ssl=1 2x, https:\/\/i0.wp.com\/mexicocodigorojo.com.mx\/wp-content\/uploads\/2019\/08\/img-20190801-wa00926690750634960947814.jpg?resize=1050%2C600&ssl=1 3x"},"classes":[]}],"jetpack_sharing_enabled":true,"jetpack_likes_enabled":true,"jetpack_shortlink":"https:\/\/wp.me\/p9TedA-30N","_links":{"self":[{"href":"https:\/\/mexicocodigorojo.com.mx\/index.php?rest_route=\/wp\/v2\/posts\/11581","targetHints":{"allow":["GET"]}}],"collection":[{"href":"https:\/\/mexicocodigorojo.com.mx\/index.php?rest_route=\/wp\/v2\/posts"}],"about":[{"href":"https:\/\/mexicocodigorojo.com.mx\/index.php?rest_route=\/wp\/v2\/types\/post"}],"author":[{"embeddable":true,"href":"https:\/\/mexicocodigorojo.com.mx\/index.php?rest_route=\/wp\/v2\/users\/5"}],"replies":[{"embeddable":true,"href":"https:\/\/mexicocodigorojo.com.mx\/index.php?rest_route=%2Fwp%2Fv2%2Fcomments&post=11581"}],"version-history":[{"count":0,"href":"https:\/\/mexicocodigorojo.com.mx\/index.php?rest_route=\/wp\/v2\/posts\/11581\/revisions"}],"wp:attachment":[{"href":"https:\/\/mexicocodigorojo.com.mx\/index.php?rest_route=%2Fwp%2Fv2%2Fmedia&parent=11581"}],"wp:term":[{"taxonomy":"category","embeddable":true,"href":"https:\/\/mexicocodigorojo.com.mx\/index.php?rest_route=%2Fwp%2Fv2%2Fcategories&post=11581"},{"taxonomy":"post_tag","embeddable":true,"href":"https:\/\/mexicocodigorojo.com.mx\/index.php?rest_route=%2Fwp%2Fv2%2Ftags&post=11581"}],"curies":[{"name":"wp","href":"https:\/\/api.w.org\/{rel}","templated":true}]}}