{"id":11552,"date":"2019-01-02T00:07:15","date_gmt":"2019-01-02T00:07:15","guid":{"rendered":"https:\/\/mexicocodigorojo.com.mx\/?p=11552"},"modified":"2019-01-02T00:07:15","modified_gmt":"2019-01-02T00:07:15","slug":"ezln-llama-a-resistencia-contra-gobierno-amlo","status":"publish","type":"post","link":"https:\/\/mexicocodigorojo.com.mx\/?p=11552","title":{"rendered":"EZLN LLAMA A RESISTENCIA CONTRA GOBIERNO AMLO"},"content":{"rendered":"<p>El Ej\u00e9rcito Zapatista de Liberaci\u00f3n Nacional (EZLN) celebr\u00f3 hoy 25 a\u00f1os del inicio de su insurrecci\u00f3n en el estado mexicano de Chiapas con un llamado a resistir al Gobierno del presidente Andr\u00e9s Manuel L\u00f3pez Obrador (AMLO).<\/p>\n<p>Encabezados por el subcomandante Galeano, antes Marcos, y por el comandante Mois\u00e9s, el EZLN festej\u00f3 con sus juntas de buen gobierno, en La Realidad, el alzamiento del 1 de enero de 1994, cuando atacaron cuatro poblados de Chiapas y una base militar.<\/p>\n<p><img data-recalc-dims=\"1\" loading=\"lazy\" decoding=\"async\" data-attachment-id=\"11548\" data-permalink=\"https:\/\/mexicocodigorojo.com.mx\/?attachment_id=11548\" data-orig-file=\"https:\/\/i0.wp.com\/mexicocodigorojo.com.mx\/wp-content\/uploads\/2019\/01\/zapatistas-en-chiapas6496119833081380055.jpg?fit=1200%2C800&amp;ssl=1\" data-orig-size=\"1200,800\" data-comments-opened=\"1\" data-image-meta=\"{&quot;aperture&quot;:&quot;0&quot;,&quot;credit&quot;:&quot;&quot;,&quot;camera&quot;:&quot;&quot;,&quot;caption&quot;:&quot;&quot;,&quot;created_timestamp&quot;:&quot;0&quot;,&quot;copyright&quot;:&quot;&quot;,&quot;focal_length&quot;:&quot;0&quot;,&quot;iso&quot;:&quot;0&quot;,&quot;shutter_speed&quot;:&quot;0&quot;,&quot;title&quot;:&quot;&quot;,&quot;orientation&quot;:&quot;0&quot;}\" data-image-title=\"zapatistas-en-chiapas6496119833081380055.jpg\" data-image-description=\"\" data-image-caption=\"\" data-large-file=\"https:\/\/i0.wp.com\/mexicocodigorojo.com.mx\/wp-content\/uploads\/2019\/01\/zapatistas-en-chiapas6496119833081380055.jpg?fit=696%2C464&amp;ssl=1\" class=\"wp-image-11548 alignnone size-full\" src=\"https:\/\/i0.wp.com\/mexicocodigorojo.com.mx\/wp-content\/uploads\/2019\/01\/zapatistas-en-chiapas6496119833081380055.jpg?resize=696%2C464&#038;ssl=1\" width=\"696\" height=\"464\" srcset=\"https:\/\/i0.wp.com\/mexicocodigorojo.com.mx\/wp-content\/uploads\/2019\/01\/zapatistas-en-chiapas6496119833081380055.jpg?w=1200&amp;ssl=1 1200w, https:\/\/i0.wp.com\/mexicocodigorojo.com.mx\/wp-content\/uploads\/2019\/01\/zapatistas-en-chiapas6496119833081380055.jpg?resize=300%2C200&amp;ssl=1 300w, https:\/\/i0.wp.com\/mexicocodigorojo.com.mx\/wp-content\/uploads\/2019\/01\/zapatistas-en-chiapas6496119833081380055.jpg?resize=768%2C512&amp;ssl=1 768w, https:\/\/i0.wp.com\/mexicocodigorojo.com.mx\/wp-content\/uploads\/2019\/01\/zapatistas-en-chiapas6496119833081380055.jpg?resize=1024%2C683&amp;ssl=1 1024w\" sizes=\"auto, (max-width: 696px) 100vw, 696px\" \/><\/p>\n<blockquote><p><span style=\"color:rgb(53,53,53); font-family:-apple-system,BlinkMacSystemFont,\" segoeuirobotooxygenubuntucantarellfirasansdroidsanshelveticaneuearialsans-serif=\"segoeuirobotooxygenubuntucantarellfirasansdroidsanshelveticaneuearialsans-serif\" _18px=\"font-size:_18px\" normal=\"white-space:normal\" _400=\"font-weight:_400\" _2text-indent0px=\"orphans:_2text-indent0px\" none=\"float:none\" _2=\"widows:_2\" _0px=\"_-webkit-text-stroke-width:_0px\" rgba1271271270.125=\"background-color:rgba1271271270.125\" initial=\"text-decoration-color:initial\" inlineimportant=\"display:inlineimportant\" left=\"text-align:left\">La pobreza, falta de oportunidades, racismo, exclusi\u00f3n, discriminaci\u00f3n, parte de las causas que originaron el levantamiento, siguen siendo las mismas por las que distintos pueblos ind\u00edgenas de Chiapas declararon la guerra al Gobierno mexicano el 1 de enero de 1994\u201d, se\u00f1alaron.<\/span><\/p><\/blockquote>\n<p>EZLN llama a resistencia contra gobierno AMLO<\/p>\n<p style=\"margin:0px0px1em; padding:0px; font-family:-apple-system,BlinkMacSystemFont,\" segoeuirobotooxygenubuntucantarellfirasansdroidsanshelveticaneuearialsans-serif=\"segoeuirobotooxygenubuntucantarellfirasansdroidsanshelveticaneuearialsans-serif\" _18px=\"font-size:_18px\" rgb535353=\"color:rgb535353\" normal=\"white-space:normal\" _400=\"font-weight:_400\" _2text-indent0px=\"orphans:_2text-indent0px\" none=\"text-transform:none\" _2=\"widows:_2\" _0px=\"_-webkit-text-stroke-width:_0px\" rgb255255255=\"background-color:rgb255255255\" initial=\"text-decoration-color:initial\" left=\"text-align:left\">Los zapatistas sacudieron hace un cuarto de siglo a M\u00e9xico desde la Selva Lacandona en Chiapas al irrumpir con sus demandas justo el d\u00eda en el que en el pa\u00eds se celebraba la entrada en vigor del Tratado de Libre Comercio de Am\u00e9rica del Norte (TLCAN) con Estados Unidos y Canad\u00e1.<\/p>\n<p style=\"margin:0px0px1em; padding:0px; font-family:-apple-system,BlinkMacSystemFont,\" segoeuirobotooxygenubuntucantarellfirasansdroidsanshelveticaneuearialsans-serif=\"segoeuirobotooxygenubuntucantarellfirasansdroidsanshelveticaneuearialsans-serif\" _18px=\"font-size:_18px\" rgb535353=\"color:rgb535353\" normal=\"white-space:normal\" _400=\"font-weight:_400\" _2text-indent0px=\"orphans:_2text-indent0px\" none=\"text-transform:none\" _2=\"widows:_2\" _0px=\"_-webkit-text-stroke-width:_0px\" rgb255255255=\"background-color:rgb255255255\" initial=\"text-decoration-color:initial\" left=\"text-align:left\">En La Realidad, cerca de la frontera con Guatemala, las bases de apoyo y las juntas de buen gobierno recordaron su levantamiento armado con desfile militar y su reiteraci\u00f3n de su rechazo a los proyectos de<span> <\/span><strong style=\"font-family: -apple-system, BlinkMacSystemFont, \" segoe=\"segoe\" ui=\"ui\" roboto=\"roboto\" oxygen=\"oxygen\" ubuntu=\"ubuntu\" cantarell=\"cantarell\" fira=\"fira\" sans=\"sans\" droid=\"droid\" helvetica=\"helvetica\" neue=\"neue\" arial=\"arial\" sans-serif=\"sans-serif\" _=\"font-size:_\" _18px=\"_18px\">L\u00f3pez Obrador<\/strong>, presidente de M\u00e9xico desde el 1 de diciembre pasado.<\/p>\n<p style=\"margin:0px0px1em; padding:0px; font-family:-apple-system,BlinkMacSystemFont,\" segoeuirobotooxygenubuntucantarellfirasansdroidsanshelveticaneuearialsans-serif=\"segoeuirobotooxygenubuntucantarellfirasansdroidsanshelveticaneuearialsans-serif\" _18px=\"font-size:_18px\" rgb535353=\"color:rgb535353\" normal=\"white-space:normal\" _400=\"font-weight:_400\" _2text-indent0px=\"orphans:_2text-indent0px\" none=\"text-transform:none\" _2=\"widows:_2\" _0px=\"_-webkit-text-stroke-width:_0px\" rgb255255255=\"background-color:rgb255255255\" initial=\"text-decoration-color:initial\" left=\"text-align:left\">Por m\u00e1s de 40 minutos, los zapatistas marcaron el paso, movieron sus armas de madera y mostraron algunos veh\u00edculos para dar a conocer su fuerza y decisi\u00f3n de defender los derechos de los ind\u00edgenas y los campesinos que a\u00fan est\u00e1n en el olvido.<\/p>\n<blockquote><p>Ese que est\u00e1 en el poder (L\u00f3pez Obrador) va a destruir al pueblo de M\u00e9xico, principalmente a los pueblos originarios, vienen por nosotros y en especialmente a nosotros al EZLN\u201d, apunt\u00f3 Mois\u00e9s, el comandante de los zapatistas.<\/p><\/blockquote>\n<p>Mois\u00e9s exultante hizo que sus bases respondieran con un no rotundo cuando asegur\u00f3 que el EZLN no le tiene miedo al gobierno mexicano.<\/p>\n<blockquote><p><span style=\"color:rgb(53,53,53); font-family:-apple-system,BlinkMacSystemFont,\" segoeuirobotooxygenubuntucantarellfirasansdroidsanshelveticaneuearialsans-serif=\"segoeuirobotooxygenubuntucantarellfirasansdroidsanshelveticaneuearialsans-serif\" _18px=\"font-size:_18px\" normal=\"white-space:normal\" _400=\"font-weight:_400\" _2text-indent0px=\"orphans:_2text-indent0px\" none=\"float:none\" _2=\"widows:_2\" _0px=\"_-webkit-text-stroke-width:_0px\" rgba1271271270.125=\"background-color:rgba1271271270.125\" initial=\"text-decoration-color:initial\" inlineimportant=\"display:inlineimportant\" left=\"text-align:left\">Vamos a pelear, no vamos a permitir su proyecto de destrucci\u00f3n, no le tenemos miedo a su Guardia Nacional, que le cambio de nombre al Ej\u00e9rcito y son los mismos\u201d, declar\u00f3 el comandante ind\u00edgena.<\/span><\/p><\/blockquote>\n<p><img data-recalc-dims=\"1\" loading=\"lazy\" decoding=\"async\" data-attachment-id=\"11549\" data-permalink=\"https:\/\/mexicocodigorojo.com.mx\/?attachment_id=11549\" data-orig-file=\"https:\/\/i0.wp.com\/mexicocodigorojo.com.mx\/wp-content\/uploads\/2019\/01\/ezln-llama-a-resistencia-contra-gobierno-amlo6678051087206778415.jpg?fit=768%2C512&amp;ssl=1\" data-orig-size=\"768,512\" data-comments-opened=\"1\" data-image-meta=\"{&quot;aperture&quot;:&quot;0&quot;,&quot;credit&quot;:&quot;&quot;,&quot;camera&quot;:&quot;&quot;,&quot;caption&quot;:&quot;&quot;,&quot;created_timestamp&quot;:&quot;0&quot;,&quot;copyright&quot;:&quot;&quot;,&quot;focal_length&quot;:&quot;0&quot;,&quot;iso&quot;:&quot;0&quot;,&quot;shutter_speed&quot;:&quot;0&quot;,&quot;title&quot;:&quot;&quot;,&quot;orientation&quot;:&quot;0&quot;}\" data-image-title=\"ezln-llama-a-resistencia-contra-gobierno-amlo6678051087206778415.jpg\" data-image-description=\"\" data-image-caption=\"\" data-large-file=\"https:\/\/i0.wp.com\/mexicocodigorojo.com.mx\/wp-content\/uploads\/2019\/01\/ezln-llama-a-resistencia-contra-gobierno-amlo6678051087206778415.jpg?fit=696%2C464&amp;ssl=1\" class=\"wp-image-11549 alignnone size-full\" src=\"https:\/\/i0.wp.com\/mexicocodigorojo.com.mx\/wp-content\/uploads\/2019\/01\/ezln-llama-a-resistencia-contra-gobierno-amlo6678051087206778415.jpg?resize=696%2C464&#038;ssl=1\" width=\"696\" height=\"464\" srcset=\"https:\/\/i0.wp.com\/mexicocodigorojo.com.mx\/wp-content\/uploads\/2019\/01\/ezln-llama-a-resistencia-contra-gobierno-amlo6678051087206778415.jpg?w=768&amp;ssl=1 768w, https:\/\/i0.wp.com\/mexicocodigorojo.com.mx\/wp-content\/uploads\/2019\/01\/ezln-llama-a-resistencia-contra-gobierno-amlo6678051087206778415.jpg?resize=300%2C200&amp;ssl=1 300w\" sizes=\"auto, (max-width: 696px) 100vw, 696px\" \/><\/p>\n<p class=\"wp-description-text\" style=\"margin:0px0px1em; padding:0px; font-family:-apple-system,BlinkMacSystemFont,\" segoeuirobotooxygenubuntucantarellfirasansdroidsanshelveticaneuearialsans-serif=\"segoeuirobotooxygenubuntucantarellfirasansdroidsanshelveticaneuearialsans-serif\" _18px=\"font-size:_18px\" rgb535353=\"color:rgb535353\" normal=\"white-space:normal\" _400=\"font-weight:_400\" _2text-indent0px=\"orphans:_2text-indent0px\" none=\"text-transform:none\" _2=\"widows:_2\" _0px=\"_-webkit-text-stroke-width:_0px\" rgb255255255=\"background-color:rgb255255255\" initial=\"text-decoration-color:initial\" left=\"text-align:left\">EZLN llama a resistencia contra gobierno AMLO<\/p>\n<p style=\"margin:0px0px1em; padding:0px; font-family:-apple-system,BlinkMacSystemFont,\" segoeuirobotooxygenubuntucantarellfirasansdroidsanshelveticaneuearialsans-serif=\"segoeuirobotooxygenubuntucantarellfirasansdroidsanshelveticaneuearialsans-serif\" _18px=\"font-size:_18px\" rgb535353=\"color:rgb535353\" normal=\"white-space:normal\" _400=\"font-weight:_400\" _2text-indent0px=\"orphans:_2text-indent0px\" none=\"text-transform:none\" _2=\"widows:_2\" _0px=\"_-webkit-text-stroke-width:_0px\" rgb255255255=\"background-color:rgb255255255\" initial=\"text-decoration-color:initial\" left=\"text-align:left\">Se\u00f1alaron que han pasado 25 a\u00f1os y a\u00fan se encuentran solos y que a pesar de que despertaron al mundo y al pueblo de M\u00e9xico este se ha dejado enga\u00f1ar una vez m\u00e1s por un \u201cgobernante falso y tramposo\u201d.<\/p>\n<p style=\"margin:0px0px1em; padding:0px; font-family:-apple-system,BlinkMacSystemFont,\" segoeui\",roboto,oxygen,ubuntu,cantarell,\"firasans\",\"droidsans\",\"helveticaneue\",arial,sans-serif; font-size:18px; color:rgb(53,53,53); font-style:normal; font-variant-ligatures:normal; font-variant-caps:normal; font-weight:400; letter-spacing:normal; orphans:2text-indent:0px; text-transform:none; white-space:normal; widows:2; word-spacing:0px; -webkit-text-stroke-width:0px; background-color:rgb(255,255,255); text-decoration-style:initial; text-decoration-color:initial; text-align:left;\">Los<span> <\/span><strong style=\"font-family: -apple-system, BlinkMacSystemFont, \" segoe ui\", roboto, oxygen, ubuntu, cantarell, \"fira sans\", \"droid \"helvetica neue\", arial, sans-serif; font-size: 18px;\">zapatistas<\/strong><span> <\/span>se pronunciaron por continuar en la lucha hasta lograr desterrar la pobreza, falta de oportunidades, racismo, exclusi\u00f3n, discriminaci\u00f3n en sus comunidades y el pa\u00eds.<\/p>\n<blockquote style=\"color:rgb(53,53,53); background:rgba(127,127,127,0.125); border-left:4pxsolidrgb(255,193,7); margin:8px0px1em; padding:16px; font-family:-apple-system,BlinkMacSystemFont,\" segoeui\",roboto,oxygen,ubuntu,cantarell,\"firasans\",\"droidsans\",\"helveticaneue\",arial,sans-serif; font-size:18px; font-style:normal; font-variant-ligatures:normal; font-variant-caps:normal; font-weight:400; letter-spacing:normal; orphans:2text-indent:0px; text-transform:none; white-space:normal; widows:2; word-spacing:0px; -webkit-text-stroke-width:0px; text-decoration-style:initial; text-decoration-color:initial; text-align:left;\">\n<p style=\"margin:0px; padding:0px; font-family:-apple-system,BlinkMacSystemFont,\" segoeui\",roboto,oxygen,ubuntu,cantarell,\"firasans\",\"droidsans\",\"helveticaneue\",arial,sans-serif; font-size:18px;\">Vamos a defender lo que hemos construido. Estamos demostr\u00e1ndole al pueblo de M\u00e9xico y al mundo que somos nosotros los que estamos construyendo; mujeres y hombres no vamos a permitir a que venga a destruirnos\u201d reafirmo el comandante Mois\u00e9s.<\/p>\n<\/blockquote>\n<p>Los zapatistas han expresado dudas sobre el gobierno de L\u00f3pez Obrador y rechazan sus proyectos como la construcci\u00f3n del tren maya y la siembre de un mill\u00f3n de hect\u00e1reas de \u00e1rboles maderables y frutales en los estados del sureste del pa\u00eds.<\/p>\n<p style=\"margin:0px0px1em; padding:0px; font-family:-apple-system,BlinkMacSystemFont,\" segoeui\",roboto,oxygen,ubuntu,cantarell,\"firasans\",\"droidsans\",\"helveticaneue\",arial,sans-serif; font-size:18px; color:rgb(53,53,53); font-style:normal; font-variant-ligatures:normal; font-variant-caps:normal; font-weight:400; letter-spacing:normal; orphans:2text-indent:0px; text-transform:none; white-space:normal; widows:2; word-spacing:0px; -webkit-text-stroke-width:0px; background-color:rgb(255,255,255); text-decoration-style:initial; text-decoration-color:initial; text-align:left;\">Sobre<span> <\/span>la cuarta transformaci\u00f3n de la naci\u00f3n que L\u00f3pez Obrador tiene como principal bandera de su gobierno, los zapatistas apuntaron que no pueden creer ni sus planteamientos ni lo que llamaron como sus mentiras.<\/p>\n<p><img data-recalc-dims=\"1\" loading=\"lazy\" decoding=\"async\" data-attachment-id=\"11550\" data-permalink=\"https:\/\/mexicocodigorojo.com.mx\/?attachment_id=11550\" data-orig-file=\"https:\/\/i0.wp.com\/mexicocodigorojo.com.mx\/wp-content\/uploads\/2019\/01\/zapatistas-reunidos-en-la-realidad-chiapas6462915861922175778.jpg?fit=768%2C512&amp;ssl=1\" data-orig-size=\"768,512\" data-comments-opened=\"1\" data-image-meta=\"{&quot;aperture&quot;:&quot;0&quot;,&quot;credit&quot;:&quot;&quot;,&quot;camera&quot;:&quot;&quot;,&quot;caption&quot;:&quot;&quot;,&quot;created_timestamp&quot;:&quot;0&quot;,&quot;copyright&quot;:&quot;&quot;,&quot;focal_length&quot;:&quot;0&quot;,&quot;iso&quot;:&quot;0&quot;,&quot;shutter_speed&quot;:&quot;0&quot;,&quot;title&quot;:&quot;&quot;,&quot;orientation&quot;:&quot;0&quot;}\" data-image-title=\"zapatistas-reunidos-en-la-realidad-chiapas6462915861922175778.jpg\" data-image-description=\"\" data-image-caption=\"\" data-large-file=\"https:\/\/i0.wp.com\/mexicocodigorojo.com.mx\/wp-content\/uploads\/2019\/01\/zapatistas-reunidos-en-la-realidad-chiapas6462915861922175778.jpg?fit=696%2C464&amp;ssl=1\" src=\"https:\/\/i0.wp.com\/mexicocodigorojo.com.mx\/wp-content\/uploads\/2019\/01\/zapatistas-reunidos-en-la-realidad-chiapas6462915861922175778.jpg?resize=696%2C464&#038;ssl=1\" class=\"wp-image-11550 alignnone size-full\" width=\"696\" height=\"464\" srcset=\"https:\/\/i0.wp.com\/mexicocodigorojo.com.mx\/wp-content\/uploads\/2019\/01\/zapatistas-reunidos-en-la-realidad-chiapas6462915861922175778.jpg?w=768&amp;ssl=1 768w, https:\/\/i0.wp.com\/mexicocodigorojo.com.mx\/wp-content\/uploads\/2019\/01\/zapatistas-reunidos-en-la-realidad-chiapas6462915861922175778.jpg?resize=300%2C200&amp;ssl=1 300w\" sizes=\"auto, (max-width: 696px) 100vw, 696px\" \/><\/p>\n<p>EZLN llama a resistencia contra gobierno AMLO<\/p>\n<p>Mois\u00e9s exhort\u00f3 a los pueblos ind\u00edgenas a continuar organiz\u00e1ndose para luchar, ya que organizados podr\u00e1n liberarse, ya que, apunt\u00f3, el nuevo gobierno no va hacer nada a favor del pueblo.<\/p>\n<p>El comandante del EZLN lanz\u00f3 fuertes cr\u00edticas a L\u00f3pez Obrador al sostener que su gobierno no tendr\u00e1 incondicionales, pero todo el Congreso est\u00e1 lleno de ellos.<\/p>\n<p>Asimismo, consider\u00f3 una mentira decir que se combatir\u00e1 la corrupci\u00f3n, \u201cpero contin\u00faan con los programas de siempre con diferentes nombres.<\/p>\n<p>Manifestaron su cansancio por no ser escuchados y sostuvieron que no tienen miedo a defender nuevamente su postura\u201d porque \u201cnos vamos a defender pase lo que pase, cueste lo que cueste y venga lo que venga, vamos a defendernos, vamos a pelear si es necesario\u201d.<\/p>\n<p>Con informaci\u00f3n de EFE<\/p>\n","protected":false},"excerpt":{"rendered":"<p>El Ej\u00e9rcito Zapatista de Liberaci\u00f3n Nacional (EZLN) celebr\u00f3 hoy 25 a\u00f1os del inicio de su insurrecci\u00f3n en el estado mexicano de Chiapas con un llamado a resistir al Gobierno del presidente Andr\u00e9s Manuel L\u00f3pez Obrador (AMLO). Encabezados por el subcomandante Galeano, antes Marcos, y por el comandante Mois\u00e9s, el EZLN festej\u00f3 con sus juntas de [&hellip;]<\/p>\n","protected":false},"author":5,"featured_media":0,"comment_status":"open","ping_status":"open","sticky":false,"template":"","format":"standard","meta":{"_uf_show_specific_survey":0,"_uf_disable_surveys":false,"advanced_seo_description":"","jetpack_seo_html_title":"","jetpack_seo_noindex":false,"jetpack_post_was_ever_published":false,"_jetpack_newsletter_access":"","_jetpack_dont_email_post_to_subs":false,"_jetpack_newsletter_tier_id":0,"_jetpack_memberships_contains_paywalled_content":false,"_jetpack_memberships_contains_paid_content":false,"footnotes":"","jetpack_publicize_message":"","jetpack_publicize_feature_enabled":true,"jetpack_social_post_already_shared":false,"jetpack_social_options":{"image_generator_settings":{"template":"highway","default_image_id":0,"font":"","enabled":false},"version":2}},"categories":[75],"tags":[59],"class_list":{"0":"post-11552","1":"post","2":"type-post","3":"status-publish","4":"format-standard","6":"category-chiapas","7":"tag-seguridad"},"jetpack_publicize_connections":[],"jetpack_featured_media_url":"","jetpack-related-posts":[{"id":50319,"url":"https:\/\/mexicocodigorojo.com.mx\/?p=50319","url_meta":{"origin":11552,"position":0},"title":"ALTOS DE CHIAPAS PRESENTA AL EJERCITO MACHETE de AUTODEFENSAS VS NARCO","author":"Staff","date":"julio 19, 2021","format":false,"excerpt":"19 DE JULIO 2021 ANTECEDENTES CHIAPAS ESTADO QUE VIO NACER AL EJERCITO ZAPATISTA DE LIBERACION NACIONAL \"EZLN\" EL 1 DE ENERO DE 1994 FU\u00c8 ORGANIZADO POR UN TAMAULIPECO LLAMADO RAFAEL SEBASTIAN GUILLEN ORIUNDO DE TAMPICO TAMAULIPAS ALIAS ...EL SUBCOMANDANTE MARCOS, SUBCOMANDANTE GALEANO Y SUBCOMANDANTE ZERO ERA UNA ORGANIZACION POLITICO MILITAR\u2026","rel":"","context":"En \u00abFeatured\u00bb","block_context":{"text":"Featured","link":"https:\/\/mexicocodigorojo.com.mx\/?cat=1724"},"img":{"alt_text":"","src":"https:\/\/i0.wp.com\/mexicocodigorojo.com.mx\/wp-content\/uploads\/2021\/07\/IMG-20210719-WA0088-1.jpg?fit=720%2C481&ssl=1&resize=350%2C200","width":350,"height":200,"srcset":"https:\/\/i0.wp.com\/mexicocodigorojo.com.mx\/wp-content\/uploads\/2021\/07\/IMG-20210719-WA0088-1.jpg?fit=720%2C481&ssl=1&resize=350%2C200 1x, https:\/\/i0.wp.com\/mexicocodigorojo.com.mx\/wp-content\/uploads\/2021\/07\/IMG-20210719-WA0088-1.jpg?fit=720%2C481&ssl=1&resize=525%2C300 1.5x, https:\/\/i0.wp.com\/mexicocodigorojo.com.mx\/wp-content\/uploads\/2021\/07\/IMG-20210719-WA0088-1.jpg?fit=720%2C481&ssl=1&resize=700%2C400 2x"},"classes":[]},{"id":55549,"url":"https:\/\/mexicocodigorojo.com.mx\/?p=55549","url_meta":{"origin":11552,"position":1},"title":"Nuevo subsecretario de seguridad designado por AMLO trabaj\u00f3 con Genaro Garc\u00eda Luna","author":"Staff","date":"febrero 23, 2023","format":false,"excerpt":"El general Luis Rodr\u00edguez Bucio no es alguien nuevo en el combate al crimen organizado, pero eso no significa que haya sido eficiente, sino al contrario. EL M\u00c9TODO NO CAMBIA. CUANDO ALGUIEN NO FUNCIONA, EL PRESIDENTE L\u00d3PEZ OBRADOR NO LO CESA; LO PROMUEVE. Ahora le toc\u00f3 al general\u00a0Luis Rodr\u00edguez Bucio,\u2026","rel":"","context":"En \u00abCiudad de M\u00e9xico\u00bb","block_context":{"text":"Ciudad de M\u00e9xico","link":"https:\/\/mexicocodigorojo.com.mx\/?cat=101"},"img":{"alt_text":"","src":"https:\/\/i0.wp.com\/mexicocodigorojo.com.mx\/wp-content\/uploads\/2023\/02\/img_5722.jpg?fit=735%2C468&ssl=1&resize=350%2C200","width":350,"height":200,"srcset":"https:\/\/i0.wp.com\/mexicocodigorojo.com.mx\/wp-content\/uploads\/2023\/02\/img_5722.jpg?fit=735%2C468&ssl=1&resize=350%2C200 1x, https:\/\/i0.wp.com\/mexicocodigorojo.com.mx\/wp-content\/uploads\/2023\/02\/img_5722.jpg?fit=735%2C468&ssl=1&resize=525%2C300 1.5x, https:\/\/i0.wp.com\/mexicocodigorojo.com.mx\/wp-content\/uploads\/2023\/02\/img_5722.jpg?fit=735%2C468&ssl=1&resize=700%2C400 2x"},"classes":[]},{"id":21570,"url":"https:\/\/mexicocodigorojo.com.mx\/?p=21570","url_meta":{"origin":11552,"position":2},"title":"Grupo ind\u00edgena en Chiapas liber\u00f3 a cinco polic\u00edas que ten\u00edan secuestrados","author":"Staff","date":"agosto 8, 2019","format":false,"excerpt":"La organizaci\u00f3n nombrada Frente Nacional de Lucha por el Socialismo (FNLS) tom\u00f3 a cinco agentes como rehenes para negociar con el gobierno de Rutilio Escand\u00f3n la liberaci\u00f3n de Javier Gonz\u00e1lez D\u00edaz, l\u00edder de la agrupaci\u00f3n En la\u00a0comunidad de R\u00edo Florido, en el estado de Chiapas, un grupo de pobladores pertenecientes\u2026","rel":"","context":"En \u00abChiapas\u00bb","block_context":{"text":"Chiapas","link":"https:\/\/mexicocodigorojo.com.mx\/?cat=75"},"img":{"alt_text":"","src":"https:\/\/i0.wp.com\/mexicocodigorojo.com.mx\/wp-content\/uploads\/2019\/08\/grupo-indigena-en-chiapas-libero-a-cinco-policias-que-tenian-secuestrados-desde-el-18-de-julio.jpg?fit=1200%2C675&ssl=1&resize=350%2C200","width":350,"height":200,"srcset":"https:\/\/i0.wp.com\/mexicocodigorojo.com.mx\/wp-content\/uploads\/2019\/08\/grupo-indigena-en-chiapas-libero-a-cinco-policias-que-tenian-secuestrados-desde-el-18-de-julio.jpg?fit=1200%2C675&ssl=1&resize=350%2C200 1x, https:\/\/i0.wp.com\/mexicocodigorojo.com.mx\/wp-content\/uploads\/2019\/08\/grupo-indigena-en-chiapas-libero-a-cinco-policias-que-tenian-secuestrados-desde-el-18-de-julio.jpg?fit=1200%2C675&ssl=1&resize=525%2C300 1.5x, https:\/\/i0.wp.com\/mexicocodigorojo.com.mx\/wp-content\/uploads\/2019\/08\/grupo-indigena-en-chiapas-libero-a-cinco-policias-que-tenian-secuestrados-desde-el-18-de-julio.jpg?fit=1200%2C675&ssl=1&resize=700%2C400 2x, https:\/\/i0.wp.com\/mexicocodigorojo.com.mx\/wp-content\/uploads\/2019\/08\/grupo-indigena-en-chiapas-libero-a-cinco-policias-que-tenian-secuestrados-desde-el-18-de-julio.jpg?fit=1200%2C675&ssl=1&resize=1050%2C600 3x"},"classes":[]},{"id":34674,"url":"https:\/\/mexicocodigorojo.com.mx\/?p=34674","url_meta":{"origin":11552,"position":3},"title":"Chiapas a punto de la ingobernabilidad","author":"Staff","date":"marzo 11, 2020","format":false,"excerpt":"Desplazados ind\u00edgenas, estudiantes, campesinos, maestros id\u00f3neos e interinos permanecen en plant\u00f3n permanente a las afueras del Palacio de Gobierno, sin encontrar respuesta alguna a sus demandas CHIAPAS El estado de\u00a0Chiapas\u00a0est\u00e1 a punto de la\u00a0ingobernabilidad.\u00a0Desplazados ind\u00edgenas, estudiantes, campesinos, maestros id\u00f3neos e interinos permanecen en plant\u00f3n permanente a las afueras del Palacio\u2026","rel":"","context":"En \u00abChiapas\u00bb","block_context":{"text":"Chiapas","link":"https:\/\/mexicocodigorojo.com.mx\/?cat=75"},"img":{"alt_text":"","src":"https:\/\/i0.wp.com\/mexicocodigorojo.com.mx\/wp-content\/uploads\/2020\/03\/2322270.jpg?fit=664%2C498&ssl=1&resize=350%2C200","width":350,"height":200,"srcset":"https:\/\/i0.wp.com\/mexicocodigorojo.com.mx\/wp-content\/uploads\/2020\/03\/2322270.jpg?fit=664%2C498&ssl=1&resize=350%2C200 1x, https:\/\/i0.wp.com\/mexicocodigorojo.com.mx\/wp-content\/uploads\/2020\/03\/2322270.jpg?fit=664%2C498&ssl=1&resize=525%2C300 1.5x"},"classes":[]},{"id":40708,"url":"https:\/\/mexicocodigorojo.com.mx\/?p=40708","url_meta":{"origin":11552,"position":4},"title":"Van m\u00e1s de 55 mil homicidios dolosos en lo que va del sexenio de AMLO","author":"Staff","date":"julio 10, 2020","format":false,"excerpt":"En lo que va de la Administraci\u00f3n\u00a0de L\u00f3pez Obrador, fiscal\u00edas estatales y federales han registrado 55 mil 26 homicidios dolosos en M\u00e9xico De acuerdo con el registro de homicidios dolosos de la Secretar\u00eda de Seguridad y Protecci\u00f3n Ciudadana, del 1 de diciembre de 2018 al 9 de julio de 2020,\u2026","rel":"","context":"En \u00abCiudad de M\u00e9xico\u00bb","block_context":{"text":"Ciudad de M\u00e9xico","link":"https:\/\/mexicocodigorojo.com.mx\/?cat=101"},"img":{"alt_text":"","src":"https:\/\/i0.wp.com\/mexicocodigorojo.com.mx\/wp-content\/uploads\/2020\/07\/mexico-violencia-homicidio-homicidios-dolosos.jpg?fit=980%2C550&ssl=1&resize=350%2C200","width":350,"height":200,"srcset":"https:\/\/i0.wp.com\/mexicocodigorojo.com.mx\/wp-content\/uploads\/2020\/07\/mexico-violencia-homicidio-homicidios-dolosos.jpg?fit=980%2C550&ssl=1&resize=350%2C200 1x, https:\/\/i0.wp.com\/mexicocodigorojo.com.mx\/wp-content\/uploads\/2020\/07\/mexico-violencia-homicidio-homicidios-dolosos.jpg?fit=980%2C550&ssl=1&resize=525%2C300 1.5x, https:\/\/i0.wp.com\/mexicocodigorojo.com.mx\/wp-content\/uploads\/2020\/07\/mexico-violencia-homicidio-homicidios-dolosos.jpg?fit=980%2C550&ssl=1&resize=700%2C400 2x"},"classes":[]},{"id":64775,"url":"https:\/\/mexicocodigorojo.com.mx\/?p=64775","url_meta":{"origin":11552,"position":5},"title":"SSP participa en la conmemoraci\u00f3n del 201 Aniversario de la Federaci\u00f3n de Chiapas a M\u00e9xico","author":"MexicoRojoCvmx","date":"septiembre 14, 2025","format":false,"excerpt":"Tuxtla Guti\u00e9rrez, Chiapas \u2013 En un acto solemne realizado en el Parque Bicentenario, frente al Monumento a la Federaci\u00f3n de Chiapas a M\u00e9xico, autoridades de los tres niveles de gobierno encabezaron la ceremonia por el 201 Aniversario de la Federaci\u00f3n de Chiapas a M\u00e9xico. El secretario de Seguridad del Pueblo,\u2026","rel":"","context":"En \u00abChiapas\u00bb","block_context":{"text":"Chiapas","link":"https:\/\/mexicocodigorojo.com.mx\/?cat=75"},"img":{"alt_text":"","src":"https:\/\/i0.wp.com\/mexicocodigorojo.com.mx\/wp-content\/uploads\/2025\/09\/WhatsApp-Image-2025-09-15-at-8.10.04-AM.jpeg?fit=1040%2C694&ssl=1&resize=350%2C200","width":350,"height":200,"srcset":"https:\/\/i0.wp.com\/mexicocodigorojo.com.mx\/wp-content\/uploads\/2025\/09\/WhatsApp-Image-2025-09-15-at-8.10.04-AM.jpeg?fit=1040%2C694&ssl=1&resize=350%2C200 1x, https:\/\/i0.wp.com\/mexicocodigorojo.com.mx\/wp-content\/uploads\/2025\/09\/WhatsApp-Image-2025-09-15-at-8.10.04-AM.jpeg?fit=1040%2C694&ssl=1&resize=525%2C300 1.5x, https:\/\/i0.wp.com\/mexicocodigorojo.com.mx\/wp-content\/uploads\/2025\/09\/WhatsApp-Image-2025-09-15-at-8.10.04-AM.jpeg?fit=1040%2C694&ssl=1&resize=700%2C400 2x"},"classes":[]}],"jetpack_sharing_enabled":true,"jetpack_likes_enabled":true,"jetpack_shortlink":"https:\/\/wp.me\/p9TedA-30k","_links":{"self":[{"href":"https:\/\/mexicocodigorojo.com.mx\/index.php?rest_route=\/wp\/v2\/posts\/11552","targetHints":{"allow":["GET"]}}],"collection":[{"href":"https:\/\/mexicocodigorojo.com.mx\/index.php?rest_route=\/wp\/v2\/posts"}],"about":[{"href":"https:\/\/mexicocodigorojo.com.mx\/index.php?rest_route=\/wp\/v2\/types\/post"}],"author":[{"embeddable":true,"href":"https:\/\/mexicocodigorojo.com.mx\/index.php?rest_route=\/wp\/v2\/users\/5"}],"replies":[{"embeddable":true,"href":"https:\/\/mexicocodigorojo.com.mx\/index.php?rest_route=%2Fwp%2Fv2%2Fcomments&post=11552"}],"version-history":[{"count":0,"href":"https:\/\/mexicocodigorojo.com.mx\/index.php?rest_route=\/wp\/v2\/posts\/11552\/revisions"}],"wp:attachment":[{"href":"https:\/\/mexicocodigorojo.com.mx\/index.php?rest_route=%2Fwp%2Fv2%2Fmedia&parent=11552"}],"wp:term":[{"taxonomy":"category","embeddable":true,"href":"https:\/\/mexicocodigorojo.com.mx\/index.php?rest_route=%2Fwp%2Fv2%2Fcategories&post=11552"},{"taxonomy":"post_tag","embeddable":true,"href":"https:\/\/mexicocodigorojo.com.mx\/index.php?rest_route=%2Fwp%2Fv2%2Ftags&post=11552"}],"curies":[{"name":"wp","href":"https:\/\/api.w.org\/{rel}","templated":true}]}}