{"id":10412,"date":"2018-12-11T17:06:31","date_gmt":"2018-12-11T17:06:31","guid":{"rendered":"https:\/\/mexicocodigorojo.com.mx\/?p=10412"},"modified":"2018-12-11T17:06:34","modified_gmt":"2018-12-11T17:06:34","slug":"tamaulipas-caen-en-mante-por-secuestro","status":"publish","type":"post","link":"https:\/\/mexicocodigorojo.com.mx\/?p=10412","title":{"rendered":"TAMAULIPAS; CAEN EN MANTE POR SECUESTRO"},"content":{"rendered":"\n<p>Ciudad Victoria, Tamaulipas.- La Procuradur\u00eda General de Justicia de Tamaulipas informa que elementos de la Polic\u00eda Investigadora y de la Coordinaci\u00f3n Estatal Antisecuestro (CEA) ejecutaron dos \u00f3rdenes de aprehensi\u00f3n, en contra de Pedro \u201cN\u201d y Jes\u00fas Alfredo \u201cN\u201d por el delito de secuestro.<\/p>\n\n\n\n<p>El agente del Ministerio P\u00fablico present\u00f3 elementos suficientes que muestran la probable responsabilidad de los imputados en el secuestro de dos personas, registrado el pasado mes de junio en el municipio de Antiguo Morelos, por lo que un Juez de Control emiti\u00f3 el mandato judicial cumplimentado por los agentes policiacos.<\/p>\n\n\n\n<p>Cabe se\u00f1alar que la orden de aprehensi\u00f3n en contra de Pedro \u201cN\u201d fue cumplimentada por los elementos de la CEA en el Centro de Ejecuci\u00f3n de Sanciones donde se encuentra enfrentando otro proceso judicial. En tanto, Jes\u00fas Alfredo \u201cN\u201d fue detenido en el municipio de Mante. Ambos imputados fueron puestos a disposici\u00f3n de las autoridades correspondientes que en breve determinar\u00e1n su situaci\u00f3n jur\u00eddica.<\/p>\n\n\n\n<p>El Gobierno de Tamaulipas, por conducto de la Procuradur\u00eda General de Justicia del Estado, reitera su compromiso de combatir sin tregua el delito y llevar ante la justicia a todos aquellos que atenten contra la libertad de los tamaulipecos.<\/p>\n","protected":false},"excerpt":{"rendered":"<p>Ciudad Victoria, Tamaulipas.- La Procuradur\u00eda General de Justicia de Tamaulipas informa que elementos de la Polic\u00eda Investigadora y de la Coordinaci\u00f3n Estatal Antisecuestro (CEA) ejecutaron dos \u00f3rdenes de aprehensi\u00f3n, en contra de Pedro \u201cN\u201d y Jes\u00fas Alfredo \u201cN\u201d por el delito de secuestro. El agente del Ministerio P\u00fablico present\u00f3 elementos suficientes que muestran la probable [&hellip;]<\/p>\n","protected":false},"author":5,"featured_media":10413,"comment_status":"open","ping_status":"open","sticky":false,"template":"","format":"standard","meta":{"_uf_show_specific_survey":0,"_uf_disable_surveys":false,"advanced_seo_description":"","jetpack_seo_html_title":"","jetpack_seo_noindex":false,"jetpack_post_was_ever_published":false,"_jetpack_newsletter_access":"","_jetpack_dont_email_post_to_subs":false,"_jetpack_newsletter_tier_id":0,"_jetpack_memberships_contains_paywalled_content":false,"_jetpack_memberships_contains_paid_content":false,"footnotes":"","jetpack_publicize_message":"","jetpack_publicize_feature_enabled":true,"jetpack_social_post_already_shared":false,"jetpack_social_options":{"image_generator_settings":{"template":"highway","default_image_id":0,"font":"","enabled":false},"version":2}},"categories":[2],"tags":[30],"class_list":{"0":"post-10412","1":"post","2":"type-post","3":"status-publish","4":"format-standard","5":"has-post-thumbnail","7":"category-tamaulipas","8":"tag-secuestro"},"jetpack_publicize_connections":[],"jetpack_featured_media_url":"https:\/\/i0.wp.com\/mexicocodigorojo.com.mx\/wp-content\/uploads\/2018\/12\/44.jpg?fit=600%2C314&ssl=1","jetpack-related-posts":[{"id":24437,"url":"https:\/\/mexicocodigorojo.com.mx\/?p=24437","url_meta":{"origin":10412,"position":0},"title":"Agentes de la CEA de Tamaulipas y Fiscal\u00eda del Estado de Sinaloa cumplimentaron orden de aprehensi\u00f3n contra Luis Gaspar por secuestro","author":"Staff","date":"septiembre 30, 2019","format":false,"excerpt":"Ciudad Victoria, Tamaulipas.- Agentes de la Coordinaci\u00f3n Estatal Antisecuestro (CEA) de la Procuradur\u00eda General de Justicia de Tamaulipas en colaboraci\u00f3n con la Fiscal\u00eda General de Justicia del Estado de Sinaloa, cumplimentaron dos \u00f3rdenes de aprehensi\u00f3n de contra de Luis Gaspar \u201cN\u201d por los delitos de secuestro y asociaci\u00f3n delictuosa. El\u2026","rel":"","context":"En \u00abTamaulipas\u00bb","block_context":{"text":"Tamaulipas","link":"https:\/\/mexicocodigorojo.com.mx\/?cat=2"},"img":{"alt_text":"","src":"","width":0,"height":0},"classes":[]},{"id":2304,"url":"https:\/\/mexicocodigorojo.com.mx\/?p=2304","url_meta":{"origin":10412,"position":1},"title":"TAMAULIPAS: IMPUTAN A \u00b4PELOCHAS\u00b4 Y \u00b4PANTERA 16\u00b4 NUEVO CARGO DE SECUESTRO","author":"Staff","date":"septiembre 7, 2018","format":false,"excerpt":"Cd. Victoria, Tam.- Agentes de la Coordinaci\u00f3n Estatal Antisecuestros (CEA) de la Procuradur\u00eda General de Justicia de Tamaulipas cumplimentaron una orden de aprehensi\u00f3n en contra de V\u00edctor Manuel \"N\", al\u00edas \"Pantera 16\" o Comandante Viento\"; y Luis Alberto \"N\", alias \"Pelochas o M28\", por el delito de secuestro agravado. Acusan\u2026","rel":"","context":"En \u00abTamaulipas\u00bb","block_context":{"text":"Tamaulipas","link":"https:\/\/mexicocodigorojo.com.mx\/?cat=2"},"img":{"alt_text":"","src":"https:\/\/i0.wp.com\/mexicocodigorojo.com.mx\/wp-content\/uploads\/2018\/09\/whatsappimage20180905at3.17.45pm-focus-min0.53-0.36-628-524-1.jpg?resize=350%2C200&ssl=1","width":350,"height":200,"srcset":"https:\/\/i0.wp.com\/mexicocodigorojo.com.mx\/wp-content\/uploads\/2018\/09\/whatsappimage20180905at3.17.45pm-focus-min0.53-0.36-628-524-1.jpg?resize=350%2C200&ssl=1 1x, https:\/\/i0.wp.com\/mexicocodigorojo.com.mx\/wp-content\/uploads\/2018\/09\/whatsappimage20180905at3.17.45pm-focus-min0.53-0.36-628-524-1.jpg?resize=525%2C300&ssl=1 1.5x"},"classes":[]},{"id":14315,"url":"https:\/\/mexicocodigorojo.com.mx\/?p=14315","url_meta":{"origin":10412,"position":2},"title":"Antisecuestros detienen a Leobardo por secuestro","author":"Staff","date":"febrero 17, 2019","format":false,"excerpt":"Ciudad Victoria, Tamaulipas \u2013 Agentes de la Coordinaci\u00f3n Estatal Antisecuestro (CEA) de la Procuradur\u00eda General de Justicia de Tamaulipas (PGJT) informa que fue cumplimentada una orden de aprehensi\u00f3n en contra de Leobardo \u201cN\u201d por el delito de secuestro agravado. En colaboraci\u00f3n con la Unidad Antisecuestros de la Fiscal\u00eda General de\u2026","rel":"","context":"En \u00abTamaulipas\u00bb","block_context":{"text":"Tamaulipas","link":"https:\/\/mexicocodigorojo.com.mx\/?cat=2"},"img":{"alt_text":"","src":"https:\/\/i0.wp.com\/mexicocodigorojo.com.mx\/wp-content\/uploads\/2019\/02\/img-20190216-wa00205542018272575781235.jpg?resize=350%2C200&ssl=1","width":350,"height":200,"srcset":"https:\/\/i0.wp.com\/mexicocodigorojo.com.mx\/wp-content\/uploads\/2019\/02\/img-20190216-wa00205542018272575781235.jpg?resize=350%2C200&ssl=1 1x, https:\/\/i0.wp.com\/mexicocodigorojo.com.mx\/wp-content\/uploads\/2019\/02\/img-20190216-wa00205542018272575781235.jpg?resize=525%2C300&ssl=1 1.5x, https:\/\/i0.wp.com\/mexicocodigorojo.com.mx\/wp-content\/uploads\/2019\/02\/img-20190216-wa00205542018272575781235.jpg?resize=700%2C400&ssl=1 2x"},"classes":[]},{"id":7317,"url":"https:\/\/mexicocodigorojo.com.mx\/?p=7317","url_meta":{"origin":10412,"position":3},"title":"Se ejecuta ord\u00e9n de aprehensi\u00f3n en  contra Miguel Santiago\u00bbN\u00bb por los delitos de secuestro y violaci\u00f3n","author":"Staff","date":"octubre 26, 2018","format":false,"excerpt":"Matamoros, Tamaulipas.- Elementos de la Coordinaci\u00f3n Estatal Antisecuestros de la Procuradur\u00eda General de Justicia de Tamaulipas, ejecutaron una orden de aprehensi\u00f3n en contra de Miguel Santiago \"N\" por los delitos de secuestro y violaci\u00f3n. El agente del Ministerio P\u00fablico present\u00f3 ante la autoridad judicial elementos suficientes que muestran la probable\u2026","rel":"","context":"En \u00abFeatured\u00bb","block_context":{"text":"Featured","link":"https:\/\/mexicocodigorojo.com.mx\/?cat=1724"},"img":{"alt_text":"","src":"","width":0,"height":0},"classes":[]},{"id":12877,"url":"https:\/\/mexicocodigorojo.com.mx\/?p=12877","url_meta":{"origin":10412,"position":4},"title":"CAE POR SECUESTRO Y VIOLACI\u00d3N EN CD. VICTORIA","author":"Staff","date":"enero 24, 2019","format":false,"excerpt":"CIUDAD VICTORIA, TAMAULIPAS.- Agentes de la Procuradur\u00eda General de Justicia de Tamaulipas, ejecutaron una orden de aprehensi\u00f3n en contra de Oscar \u201cN\u201d por los delitos de secuestro y violaci\u00f3n. El agente del Ministerio P\u00fablico present\u00f3 ante la autoridad judicial elementos suficientes que muestran la probable responsabilidad del imputado en los\u2026","rel":"","context":"En \u00abTamaulipas\u00bb","block_context":{"text":"Tamaulipas","link":"https:\/\/mexicocodigorojo.com.mx\/?cat=2"},"img":{"alt_text":"","src":"https:\/\/i0.wp.com\/mexicocodigorojo.com.mx\/wp-content\/uploads\/2019\/01\/oscar-N.jpg?fit=800%2C420&ssl=1&resize=350%2C200","width":350,"height":200,"srcset":"https:\/\/i0.wp.com\/mexicocodigorojo.com.mx\/wp-content\/uploads\/2019\/01\/oscar-N.jpg?fit=800%2C420&ssl=1&resize=350%2C200 1x, https:\/\/i0.wp.com\/mexicocodigorojo.com.mx\/wp-content\/uploads\/2019\/01\/oscar-N.jpg?fit=800%2C420&ssl=1&resize=525%2C300 1.5x, https:\/\/i0.wp.com\/mexicocodigorojo.com.mx\/wp-content\/uploads\/2019\/01\/oscar-N.jpg?fit=800%2C420&ssl=1&resize=700%2C400 2x"},"classes":[]},{"id":11106,"url":"https:\/\/mexicocodigorojo.com.mx\/?p=11106","url_meta":{"origin":10412,"position":5},"title":"Vinculan a sujeto que cometi\u00f3 secuestro agravado en Reynosa","author":"Staff","date":"diciembre 23, 2018","format":false,"excerpt":"Reynosa, Tamaulipas.- La Procuradur\u00eda General de Justicia de Tamaulipas informa que fue vinculado a proceso Jes\u00fas \u201cN\u201d por el delito de secuestro agravado. El agente del Ministerio P\u00fablico especializado en el combate al secuestro present\u00f3 ante la autoridad judicial elementos suficientes que muestran la probable responsabilidad del imputado en el\u2026","rel":"","context":"En \u00abTamaulipas\u00bb","block_context":{"text":"Tamaulipas","link":"https:\/\/mexicocodigorojo.com.mx\/?cat=2"},"img":{"alt_text":"","src":"https:\/\/i0.wp.com\/mexicocodigorojo.com.mx\/wp-content\/uploads\/2018\/12\/img-20181221-wa00648161937896027763171.jpg?resize=350%2C200&ssl=1","width":350,"height":200},"classes":[]}],"jetpack_sharing_enabled":true,"jetpack_likes_enabled":true,"jetpack_shortlink":"https:\/\/wp.me\/p9TedA-2HW","_links":{"self":[{"href":"https:\/\/mexicocodigorojo.com.mx\/index.php?rest_route=\/wp\/v2\/posts\/10412","targetHints":{"allow":["GET"]}}],"collection":[{"href":"https:\/\/mexicocodigorojo.com.mx\/index.php?rest_route=\/wp\/v2\/posts"}],"about":[{"href":"https:\/\/mexicocodigorojo.com.mx\/index.php?rest_route=\/wp\/v2\/types\/post"}],"author":[{"embeddable":true,"href":"https:\/\/mexicocodigorojo.com.mx\/index.php?rest_route=\/wp\/v2\/users\/5"}],"replies":[{"embeddable":true,"href":"https:\/\/mexicocodigorojo.com.mx\/index.php?rest_route=%2Fwp%2Fv2%2Fcomments&post=10412"}],"version-history":[{"count":0,"href":"https:\/\/mexicocodigorojo.com.mx\/index.php?rest_route=\/wp\/v2\/posts\/10412\/revisions"}],"wp:featuredmedia":[{"embeddable":true,"href":"https:\/\/mexicocodigorojo.com.mx\/index.php?rest_route=\/wp\/v2\/media\/10413"}],"wp:attachment":[{"href":"https:\/\/mexicocodigorojo.com.mx\/index.php?rest_route=%2Fwp%2Fv2%2Fmedia&parent=10412"}],"wp:term":[{"taxonomy":"category","embeddable":true,"href":"https:\/\/mexicocodigorojo.com.mx\/index.php?rest_route=%2Fwp%2Fv2%2Fcategories&post=10412"},{"taxonomy":"post_tag","embeddable":true,"href":"https:\/\/mexicocodigorojo.com.mx\/index.php?rest_route=%2Fwp%2Fv2%2Ftags&post=10412"}],"curies":[{"name":"wp","href":"https:\/\/api.w.org\/{rel}","templated":true}]}}