{"id":10402,"date":"2018-12-11T12:42:08","date_gmt":"2018-12-11T12:42:08","guid":{"rendered":"https:\/\/mexicocodigorojo.com.mx\/?p=10402"},"modified":"2018-12-11T12:42:08","modified_gmt":"2018-12-11T12:42:08","slug":"asesinan-en-acapulco-a-la-coordinadora-de-ministerios-publicos-de-la-fiscalia-de-guerrero","status":"publish","type":"post","link":"https:\/\/mexicocodigorojo.com.mx\/?p=10402","title":{"rendered":"Asesinan en Acapulco a la coordinadora de Ministerios P\u00fablicos de la Fiscal\u00eda de Guerrero"},"content":{"rendered":"<p>Sujetos armados asesinaron a la coordinadora de Ministerios P\u00fablicos de la segunda Sala Penal de la Fiscal\u00eda de Guerrero.<\/p>\n<p>De acuerdo con los primeros reportes, el crimen se registr\u00f3 esta ma\u00f1ana cuando la funcionaria circulaba en su camioneta en el bulevar de Las Naciones, en el puerto de Acapulco, donde tres hombres a bordo de un auto se le emparejaron y le dispararon.<\/p>\n<p>Se trata de Am\u00e9rica Pav\u00f3n D\u00edaz, quien recibi\u00f3 cinco disparos de grueso calibre.<\/p>\n<p>La Fiscal\u00eda General del Estado abri\u00f3 una carpeta de investigaci\u00f3n por el delito de homicidio.<\/p>\n<p><img data-recalc-dims=\"1\" loading=\"lazy\" decoding=\"async\" data-attachment-id=\"10399\" data-permalink=\"https:\/\/mexicocodigorojo.com.mx\/?attachment_id=10399\" data-orig-file=\"https:\/\/i0.wp.com\/mexicocodigorojo.com.mx\/wp-content\/uploads\/2018\/12\/img-20181207-wa01146652615462572493296.jpg?fit=539%2C960&amp;ssl=1\" data-orig-size=\"539,960\" data-comments-opened=\"1\" data-image-meta=\"{&quot;aperture&quot;:&quot;0&quot;,&quot;credit&quot;:&quot;&quot;,&quot;camera&quot;:&quot;&quot;,&quot;caption&quot;:&quot;&quot;,&quot;created_timestamp&quot;:&quot;0&quot;,&quot;copyright&quot;:&quot;&quot;,&quot;focal_length&quot;:&quot;0&quot;,&quot;iso&quot;:&quot;0&quot;,&quot;shutter_speed&quot;:&quot;0&quot;,&quot;title&quot;:&quot;&quot;,&quot;orientation&quot;:&quot;0&quot;}\" data-image-title=\"img-20181207-wa01146652615462572493296.jpg\" data-image-description=\"\" data-image-caption=\"\" data-large-file=\"https:\/\/i0.wp.com\/mexicocodigorojo.com.mx\/wp-content\/uploads\/2018\/12\/img-20181207-wa01146652615462572493296.jpg?fit=539%2C960&amp;ssl=1\" src=\"https:\/\/i0.wp.com\/mexicocodigorojo.com.mx\/wp-content\/uploads\/2018\/12\/img-20181207-wa01146652615462572493296.jpg?resize=539%2C960&#038;ssl=1\" class=\"wp-image-10399 alignnone size-full\" width=\"539\" height=\"960\" srcset=\"https:\/\/i0.wp.com\/mexicocodigorojo.com.mx\/wp-content\/uploads\/2018\/12\/img-20181207-wa01146652615462572493296.jpg?w=539&amp;ssl=1 539w, https:\/\/i0.wp.com\/mexicocodigorojo.com.mx\/wp-content\/uploads\/2018\/12\/img-20181207-wa01146652615462572493296.jpg?resize=168%2C300&amp;ssl=1 168w\" sizes=\"auto, (max-width: 539px) 100vw, 539px\" \/><\/p>\n<p><img data-recalc-dims=\"1\" loading=\"lazy\" decoding=\"async\" data-attachment-id=\"10400\" data-permalink=\"https:\/\/mexicocodigorojo.com.mx\/?attachment_id=10400\" data-orig-file=\"https:\/\/i0.wp.com\/mexicocodigorojo.com.mx\/wp-content\/uploads\/2018\/12\/img-20181207-wa01155232333477938745969.jpg?fit=1032%2C581&amp;ssl=1\" data-orig-size=\"1032,581\" data-comments-opened=\"1\" data-image-meta=\"{&quot;aperture&quot;:&quot;0&quot;,&quot;credit&quot;:&quot;&quot;,&quot;camera&quot;:&quot;&quot;,&quot;caption&quot;:&quot;&quot;,&quot;created_timestamp&quot;:&quot;0&quot;,&quot;copyright&quot;:&quot;&quot;,&quot;focal_length&quot;:&quot;0&quot;,&quot;iso&quot;:&quot;0&quot;,&quot;shutter_speed&quot;:&quot;0&quot;,&quot;title&quot;:&quot;&quot;,&quot;orientation&quot;:&quot;0&quot;}\" data-image-title=\"img-20181207-wa01155232333477938745969.jpg\" data-image-description=\"\" data-image-caption=\"\" data-large-file=\"https:\/\/i0.wp.com\/mexicocodigorojo.com.mx\/wp-content\/uploads\/2018\/12\/img-20181207-wa01155232333477938745969.jpg?fit=696%2C392&amp;ssl=1\" src=\"https:\/\/i0.wp.com\/mexicocodigorojo.com.mx\/wp-content\/uploads\/2018\/12\/img-20181207-wa01155232333477938745969.jpg?resize=696%2C392&#038;ssl=1\" class=\"wp-image-10400 alignnone size-full\" width=\"696\" height=\"392\" srcset=\"https:\/\/i0.wp.com\/mexicocodigorojo.com.mx\/wp-content\/uploads\/2018\/12\/img-20181207-wa01155232333477938745969.jpg?w=1032&amp;ssl=1 1032w, https:\/\/i0.wp.com\/mexicocodigorojo.com.mx\/wp-content\/uploads\/2018\/12\/img-20181207-wa01155232333477938745969.jpg?resize=300%2C169&amp;ssl=1 300w, https:\/\/i0.wp.com\/mexicocodigorojo.com.mx\/wp-content\/uploads\/2018\/12\/img-20181207-wa01155232333477938745969.jpg?resize=768%2C432&amp;ssl=1 768w, https:\/\/i0.wp.com\/mexicocodigorojo.com.mx\/wp-content\/uploads\/2018\/12\/img-20181207-wa01155232333477938745969.jpg?resize=1024%2C576&amp;ssl=1 1024w\" sizes=\"auto, (max-width: 696px) 100vw, 696px\" \/><\/p>\n","protected":false},"excerpt":{"rendered":"<p>Sujetos armados asesinaron a la coordinadora de Ministerios P\u00fablicos de la segunda Sala Penal de la Fiscal\u00eda de Guerrero. De acuerdo con los primeros reportes, el crimen se registr\u00f3 esta ma\u00f1ana cuando la funcionaria circulaba en su camioneta en el bulevar de Las Naciones, en el puerto de Acapulco, donde tres hombres a bordo de [&hellip;]<\/p>\n","protected":false},"author":5,"featured_media":0,"comment_status":"open","ping_status":"open","sticky":false,"template":"","format":"standard","meta":{"_uf_show_specific_survey":0,"_uf_disable_surveys":false,"advanced_seo_description":"","jetpack_seo_html_title":"","jetpack_seo_noindex":false,"jetpack_post_was_ever_published":false,"_jetpack_newsletter_access":"","_jetpack_dont_email_post_to_subs":false,"_jetpack_newsletter_tier_id":0,"_jetpack_memberships_contains_paywalled_content":false,"_jetpack_memberships_contains_paid_content":false,"footnotes":"","jetpack_publicize_message":"","jetpack_publicize_feature_enabled":true,"jetpack_social_post_already_shared":false,"jetpack_social_options":{"image_generator_settings":{"template":"highway","default_image_id":0,"font":"","enabled":false},"version":2}},"categories":[26],"tags":[12,59],"class_list":{"0":"post-10402","1":"post","2":"type-post","3":"status-publish","4":"format-standard","6":"category-guerrero","7":"tag-crimen-organizado","8":"tag-seguridad"},"jetpack_publicize_connections":[],"jetpack_featured_media_url":"","jetpack-related-posts":[{"id":6183,"url":"https:\/\/mexicocodigorojo.com.mx\/?p=6183","url_meta":{"origin":10402,"position":0},"title":"HALLAN EL CUERPO DE LA MAESTRA DESAPARECIDA EN ACAPULCO GUERRERO","author":"Staff","date":"octubre 16, 2018","format":false,"excerpt":"La maestra Itzel Vega Radilla, desaparecida desde el pasado 8 de octubre, fue localizada muerta en una vivienda del fraccionamiento Magallanes, de el municipio de Acapulco, Guerrero,De acuerdo con la Fiscal\u00eda General del Estado (FGE), este d\u00eda agentes ministeriales encontraron el cuerpo de una mujer en el fraccionamiento la Bocana\u2026","rel":"","context":"En \u00abGuerrero\u00bb","block_context":{"text":"Guerrero","link":"https:\/\/mexicocodigorojo.com.mx\/?cat=26"},"img":{"alt_text":"","src":"https:\/\/i0.wp.com\/mexicocodigorojo.com.mx\/wp-content\/uploads\/2018\/10\/DplV7y8UwAAKVcr-1.jpg?resize=350%2C200&ssl=1","width":350,"height":200,"srcset":"https:\/\/i0.wp.com\/mexicocodigorojo.com.mx\/wp-content\/uploads\/2018\/10\/DplV7y8UwAAKVcr-1.jpg?resize=350%2C200&ssl=1 1x, https:\/\/i0.wp.com\/mexicocodigorojo.com.mx\/wp-content\/uploads\/2018\/10\/DplV7y8UwAAKVcr-1.jpg?resize=525%2C300&ssl=1 1.5x"},"classes":[]},{"id":22302,"url":"https:\/\/mexicocodigorojo.com.mx\/?p=22302","url_meta":{"origin":10402,"position":1},"title":"Levantan y ejecutan a mujer polic\u00eda en Acapulco, Guerrero","author":"Staff","date":"agosto 20, 2019","format":false,"excerpt":"Acapulco, Gro.- Un grupo armado ejecut\u00f3 a una mujer agente de la Polic\u00eda Ministerial de la Fiscal\u00eda General estatal (FGE), en la zona urbana del puerto de Acapulco. El crimen de la agente suma a otros ocho asesinatos que se registraron durante el fin de semana en distintos puntos del\u2026","rel":"","context":"En \u00abGuerrero\u00bb","block_context":{"text":"Guerrero","link":"https:\/\/mexicocodigorojo.com.mx\/?cat=26"},"img":{"alt_text":"","src":"https:\/\/i0.wp.com\/mexicocodigorojo.com.mx\/wp-content\/uploads\/2019\/08\/mujer-1-870x522.jpg?fit=870%2C522&ssl=1&resize=350%2C200","width":350,"height":200,"srcset":"https:\/\/i0.wp.com\/mexicocodigorojo.com.mx\/wp-content\/uploads\/2019\/08\/mujer-1-870x522.jpg?fit=870%2C522&ssl=1&resize=350%2C200 1x, https:\/\/i0.wp.com\/mexicocodigorojo.com.mx\/wp-content\/uploads\/2019\/08\/mujer-1-870x522.jpg?fit=870%2C522&ssl=1&resize=525%2C300 1.5x, https:\/\/i0.wp.com\/mexicocodigorojo.com.mx\/wp-content\/uploads\/2019\/08\/mujer-1-870x522.jpg?fit=870%2C522&ssl=1&resize=700%2C400 2x"},"classes":[]},{"id":25752,"url":"https:\/\/mexicocodigorojo.com.mx\/?p=25752","url_meta":{"origin":10402,"position":2},"title":"Tiran Cabeza Humana en Arroyo de la colonia Vicente Guerrero de Acapulco","author":"Staff","date":"octubre 21, 2019","format":false,"excerpt":"*Tiran Cabeza Humana en Arroyo de la colonia Vicente Guerrero de Acapulco* La ma\u00f1ana de este lunes hombres armados arrojaron un cabeza humana en una hielera al Arroyo de la colonia Vicente Guerrero que se ubica sobre la carretera Acapulco- M\u00e9xico. La Polic\u00eda acudi\u00f3 al lugar despu\u00e9s de una llamada\u2026","rel":"","context":"En \u00abFeatured\u00bb","block_context":{"text":"Featured","link":"https:\/\/mexicocodigorojo.com.mx\/?cat=1724"},"img":{"alt_text":"","src":"","width":0,"height":0},"classes":[]},{"id":6193,"url":"https:\/\/mexicocodigorojo.com.mx\/?p=6193","url_meta":{"origin":10402,"position":3},"title":"8 HRS TARDARON EN RECOGER EL CUERPO ACAPULCO GUERRERO","author":"Staff","date":"octubre 16, 2018","format":false,"excerpt":"Un hombre fue asesinado a balazos en la colonia La Libertad por Las Cruces en la zona suburbana de Acapulco. El crimen fue reportado poco antes de las una de la madrugada, en la avenida L\u00f3pez Ray\u00f3n, pero fue hasta hoy por la ma\u00f1ana a que acudieron agentes polic\u00edacos y\u2026","rel":"","context":"En \u00abGuerrero\u00bb","block_context":{"text":"Guerrero","link":"https:\/\/mexicocodigorojo.com.mx\/?cat=26"},"img":{"alt_text":"","src":"https:\/\/i0.wp.com\/mexicocodigorojo.com.mx\/wp-content\/uploads\/2018\/10\/IMG_20181015_212129_816.jpg?resize=350%2C200&ssl=1","width":350,"height":200,"srcset":"https:\/\/i0.wp.com\/mexicocodigorojo.com.mx\/wp-content\/uploads\/2018\/10\/IMG_20181015_212129_816.jpg?resize=350%2C200&ssl=1 1x, https:\/\/i0.wp.com\/mexicocodigorojo.com.mx\/wp-content\/uploads\/2018\/10\/IMG_20181015_212129_816.jpg?resize=525%2C300&ssl=1 1.5x"},"classes":[]},{"id":41702,"url":"https:\/\/mexicocodigorojo.com.mx\/?p=41702","url_meta":{"origin":10402,"position":4},"title":"Cae presunto asesino de youtuber \u2018La Nana Pelucas\u2019","author":"Staff","date":"agosto 12, 2020","format":false,"excerpt":"La Fiscal\u00eda de Guerrero inform\u00f3 la detenci\u00f3n de Edgar Sa\u00fal 'L', alias el 'Negro Pipa', acusado por el asesinato de la youtuber conocida como 'La Nana Pelucas' La\u00a0Fiscal\u00eda General del Estado\u00a0de Guerrero inform\u00f3 que se logr\u00f3 la detenci\u00f3n de Edgar Sa\u00fal \u2018L\u2019, alias el \u2018Negro Pipa\u2018, por el delito de\u2026","rel":"","context":"En \u00abFeatured\u00bb","block_context":{"text":"Featured","link":"https:\/\/mexicocodigorojo.com.mx\/?cat=1724"},"img":{"alt_text":"","src":"https:\/\/i0.wp.com\/mexicocodigorojo.com.mx\/wp-content\/uploads\/2020\/08\/negro-pipa-homicidio-guerrero-nana-pelucas.jpg?fit=980%2C550&ssl=1&resize=350%2C200","width":350,"height":200,"srcset":"https:\/\/i0.wp.com\/mexicocodigorojo.com.mx\/wp-content\/uploads\/2020\/08\/negro-pipa-homicidio-guerrero-nana-pelucas.jpg?fit=980%2C550&ssl=1&resize=350%2C200 1x, https:\/\/i0.wp.com\/mexicocodigorojo.com.mx\/wp-content\/uploads\/2020\/08\/negro-pipa-homicidio-guerrero-nana-pelucas.jpg?fit=980%2C550&ssl=1&resize=525%2C300 1.5x, https:\/\/i0.wp.com\/mexicocodigorojo.com.mx\/wp-content\/uploads\/2020\/08\/negro-pipa-homicidio-guerrero-nana-pelucas.jpg?fit=980%2C550&ssl=1&resize=700%2C400 2x"},"classes":[]},{"id":24015,"url":"https:\/\/mexicocodigorojo.com.mx\/?p=24015","url_meta":{"origin":10402,"position":5},"title":"Joven de 16 a\u00f1os secuestrada en Acapulco","author":"Staff","date":"septiembre 23, 2019","format":false,"excerpt":"Darina\u00a0Aid\u00e9, estudiante de CETIS y\u00a0practicante de TSJ hab\u00eda sido privada de su libertad a plena luz del d\u00eda\u00a0por un par de sujetos que la subieron a un autom\u00f3vil en Acapulco Acapulco, Guerrero.-\u00a0La Fiscal\u00eda de Guerrero inform\u00f3 que la menor que fue\u00a0secuestrada\u00a0este domingo en Acapulco en el fraccionamiento Magallanes fue\u00a0encontrada sana\u2026","rel":"","context":"En \u00abGuerrero\u00bb","block_context":{"text":"Guerrero","link":"https:\/\/mexicocodigorojo.com.mx\/?cat=26"},"img":{"alt_text":"","src":"https:\/\/i0.wp.com\/mexicocodigorojo.com.mx\/wp-content\/uploads\/2019\/09\/secuestrada-acapulco-780x405.jpg?fit=780%2C405&ssl=1&resize=350%2C200","width":350,"height":200,"srcset":"https:\/\/i0.wp.com\/mexicocodigorojo.com.mx\/wp-content\/uploads\/2019\/09\/secuestrada-acapulco-780x405.jpg?fit=780%2C405&ssl=1&resize=350%2C200 1x, https:\/\/i0.wp.com\/mexicocodigorojo.com.mx\/wp-content\/uploads\/2019\/09\/secuestrada-acapulco-780x405.jpg?fit=780%2C405&ssl=1&resize=525%2C300 1.5x, https:\/\/i0.wp.com\/mexicocodigorojo.com.mx\/wp-content\/uploads\/2019\/09\/secuestrada-acapulco-780x405.jpg?fit=780%2C405&ssl=1&resize=700%2C400 2x"},"classes":[]}],"jetpack_sharing_enabled":true,"jetpack_likes_enabled":true,"jetpack_shortlink":"https:\/\/wp.me\/p9TedA-2HM","_links":{"self":[{"href":"https:\/\/mexicocodigorojo.com.mx\/index.php?rest_route=\/wp\/v2\/posts\/10402","targetHints":{"allow":["GET"]}}],"collection":[{"href":"https:\/\/mexicocodigorojo.com.mx\/index.php?rest_route=\/wp\/v2\/posts"}],"about":[{"href":"https:\/\/mexicocodigorojo.com.mx\/index.php?rest_route=\/wp\/v2\/types\/post"}],"author":[{"embeddable":true,"href":"https:\/\/mexicocodigorojo.com.mx\/index.php?rest_route=\/wp\/v2\/users\/5"}],"replies":[{"embeddable":true,"href":"https:\/\/mexicocodigorojo.com.mx\/index.php?rest_route=%2Fwp%2Fv2%2Fcomments&post=10402"}],"version-history":[{"count":0,"href":"https:\/\/mexicocodigorojo.com.mx\/index.php?rest_route=\/wp\/v2\/posts\/10402\/revisions"}],"wp:attachment":[{"href":"https:\/\/mexicocodigorojo.com.mx\/index.php?rest_route=%2Fwp%2Fv2%2Fmedia&parent=10402"}],"wp:term":[{"taxonomy":"category","embeddable":true,"href":"https:\/\/mexicocodigorojo.com.mx\/index.php?rest_route=%2Fwp%2Fv2%2Fcategories&post=10402"},{"taxonomy":"post_tag","embeddable":true,"href":"https:\/\/mexicocodigorojo.com.mx\/index.php?rest_route=%2Fwp%2Fv2%2Ftags&post=10402"}],"curies":[{"name":"wp","href":"https:\/\/api.w.org\/{rel}","templated":true}]}}