{"id":10062,"date":"2018-12-07T04:35:32","date_gmt":"2018-12-07T04:35:32","guid":{"rendered":"https:\/\/mexicocodigorojo.com.mx\/?p=10062"},"modified":"2018-12-07T04:35:32","modified_gmt":"2018-12-07T04:35:32","slug":"el-narco-que-se-cambio-la-mandibula-ojos-orejas-y-nariz-para-evadir-a-la-justicia","status":"publish","type":"post","link":"https:\/\/mexicocodigorojo.com.mx\/?p=10062","title":{"rendered":"El narco que se cambi\u00f3 la mand\u00edbula, ojos, orejas y nariz para evadir a la justicia"},"content":{"rendered":"<p style=\"text-align:center;\"><strong><i>El narco que se cambi\u00f3 la mand\u00edbula, ojos, orejas y nariz para evadir a la justicia<\/i><\/strong><\/p>\n<p>Se trata de Juan Carlos Ram\u00edrez Abad\u00eda, \u00abEl Chupeta\u00bb, conocido por su cara desfigurada, ayer habl\u00f3 en el juicio contra el \u00abchapo\u00bb y narr\u00f3 como trafic\u00f3 cientos de miles de kilos de coca\u00edna.<\/p>\n<p>El narcotraficante colombiano Juan Carlos Ram\u00edrez Abad\u00eda, \u00abEl Chupeta\u00bb, conocido por su cara desfigurada debido a varias operaciones de cirug\u00eda pl\u00e1stica para poder evadir a la justicia, narr\u00f3 un fuerte testimonio sobre los cientos de miles de kilos de coca\u00edna que dijo envi\u00f3 a Joaqu\u00edn el \u00abChapo\u00bb Guzm\u00e1n para que \u00e9ste la transportara a Estados Unidos, adem\u00e1s de testificar que \u00e9l orden\u00f3 la muerte de aproximadamente 150 personas.<\/p>\n<p>\u00abEl Chupeta\u00bb habl\u00f3 durante el juicio a Guzm\u00e1n, que se celebra en Brooklyn, y explic\u00f3 c\u00f3mo conoci\u00f3 al narcotraficante mexicano y c\u00f3mo ambos manejaban su negocio multimillonario.<\/p>\n<p>El colombiano, exl\u00edder del Cartel del Norte del Valle y quien lleva diez a\u00f1os preso en Estados Unidos, relat\u00f3 que a pesar de que Guzm\u00e1n se quedaba con un porcentaje m\u00e1s alto de su coca\u00edna que otros traficantes, \u00abEl Chapo\u00bb tardaba mucho menos que otros en transportarla.<\/p>\n<p>\u00abMe dijo `yo soy el m\u00e1s r\u00e1pido\u00bb, asegur\u00f3 el colombiano de 55 a\u00f1os en referencia a \u00abEl Chapo\u00bb cuando explic\u00f3 la primera reuni\u00f3n de ambos en la recepci\u00f3n de un hotel de Ciudad de M\u00e9xico en 1990.<\/p>\n<p>Juan Carlos Ram\u00edrez Abad\u00eda, \u00abEl Chupeta\u00bb, vestido con una chaqueta negra y con unos guantes puestos, habl\u00f3 en espa\u00f1ol a trav\u00e9s de int\u00e9rpretes. Mir\u00f3 un momento a Guzm\u00e1n cuando una fiscal le pidi\u00f3 que lo identificara en la sala.<\/p>\n<p>\u00abEl Chupeta\u00bb explic\u00f3 que se someti\u00f3 a operaciones de cambio de mand\u00edbula, ojos, orejas y nariz, entre otras partes de su cara, para evitar ser reconocido por la polic\u00eda.<\/p>\n<p>Tras ser miembro de la Marina en Colombia, Abad\u00eda explic\u00f3 que se introdujo en el mundo del narcotr\u00e1fico en la d\u00e9cada de 1980. Desde entonces y hasta 2007, a\u00f1o en que fue arrestado en Brasil, trafic\u00f3 unos 400.000 kilos de coca\u00edna hacia Estados Unidos, dijo.<\/p>\n<p>El Chupeta.<\/p>\n<p>Mencion\u00f3 c\u00f3mo en 2004 mat\u00f3 a una persona con una pistola, dispar\u00e1ndole a la cara. Algunas de las 150 personas que dijo que orden\u00f3 matar se encontraban en Estados Unidos.Abad\u00eda fue extraditado desde Brasil a Estados Unidos en 2008.<\/p>\n<p>Durante su primera reuni\u00f3n con el \u00abChapo\u00bb en el hotel ambos hablaron de la cantidad de aviones que se necesitar\u00eda, las pistas clandestinas que podr\u00edan usar y la posibilidad de enviar un piloto para que las identificara, entre otros temas, dijo. Hab\u00eda pistas en los estados de Sonora, Durango, Sinaloa y Nayarit.<\/p>\n<p>La ubicaci\u00f3n de la pista determinaba la cantidad de droga a transportar.<\/p>\n<p>\u00abCuanto m\u00e1s corta era la distancia, m\u00e1s coca\u00edna pod\u00eda cargar en el avi\u00f3n desde Colombia a M\u00e9xico porque se necesitaba cargar menos combustible. Hab\u00eda menos peso en el avi\u00f3n\u00bb, explic\u00f3 Abad\u00eda.<\/p>\n<p>Por otro lado, la fiscal\u00eda pidi\u00f3 al juez el jueves que amoneste al abogado de Guzm\u00e1n, Eduardo Balarezo, por colocar en su cuenta de Twitter entrevistas de los medios sobre el caso y comentarios extrajudiciales \u00abque generan un riesgo sustancial porque podr\u00edan interferir en un juicio justo\u00bb.<\/p>\n<p>En uno de sus tuits, Balarezo coloc\u00f3 un video de la canci\u00f3n \u00abPu\u00f1o de tierra\u00bb, que seg\u00fan otro testigo en el juicio, Miguel \u00c1ngel Mart\u00ednez, era la canci\u00f3n favorita de Guzm\u00e1n y fue cantada por una banda una y otra vez enfrente de una c\u00e1rcel donde horas despu\u00e9s intentaron asesinar a Mart\u00ednez.<\/p>\n","protected":false},"excerpt":{"rendered":"<p>El narco que se cambi\u00f3 la mand\u00edbula, ojos, orejas y nariz para evadir a la justicia Se trata de Juan Carlos Ram\u00edrez Abad\u00eda, \u00abEl Chupeta\u00bb, conocido por su cara desfigurada, ayer habl\u00f3 en el juicio contra el \u00abchapo\u00bb y narr\u00f3 como trafic\u00f3 cientos de miles de kilos de coca\u00edna. El narcotraficante colombiano Juan Carlos Ram\u00edrez [&hellip;]<\/p>\n","protected":false},"author":5,"featured_media":0,"comment_status":"open","ping_status":"open","sticky":false,"template":"","format":"standard","meta":{"_uf_show_specific_survey":0,"_uf_disable_surveys":false,"advanced_seo_description":"","jetpack_seo_html_title":"","jetpack_seo_noindex":false,"jetpack_post_was_ever_published":false,"_jetpack_newsletter_access":"","_jetpack_dont_email_post_to_subs":false,"_jetpack_newsletter_tier_id":0,"_jetpack_memberships_contains_paywalled_content":false,"_jetpack_memberships_contains_paid_content":false,"footnotes":"","jetpack_publicize_message":"","jetpack_publicize_feature_enabled":true,"jetpack_social_post_already_shared":false,"jetpack_social_options":{"image_generator_settings":{"template":"highway","default_image_id":0,"font":"","enabled":false},"version":2}},"categories":[14],"tags":[72,349,232],"class_list":{"0":"post-10062","1":"post","2":"type-post","3":"status-publish","4":"format-standard","6":"category-internacional","7":"tag-cds","8":"tag-elchapo","9":"tag-lo-viral"},"jetpack_publicize_connections":[],"jetpack_featured_media_url":"","jetpack-related-posts":[{"id":11617,"url":"https:\/\/mexicocodigorojo.com.mx\/?p=11617","url_meta":{"origin":10062,"position":0},"title":"SE REANUDA EL JUICIO DE EL CHAPO","author":"Staff","date":"enero 3, 2019","format":false,"excerpt":"El juicio contra Joaqu\u00edn \"El Chapo\" Guzm\u00e1n se reanuda hoy y se espera el testimonio de Vicente Zambada Niebla, hijo de Ismael \"Mayo\" Zambada, fundador del c\u00e1rtel de Sinaloa. Zambada Niebla, conocido como \"El Vicentillo\", fue integrante del c\u00e1rtel de Sinaloa y se declar\u00f3 culpable de tr\u00e1fico de drogas en\u2026","rel":"","context":"En \u00abInternacional\u00bb","block_context":{"text":"Internacional","link":"https:\/\/mexicocodigorojo.com.mx\/?cat=14"},"img":{"alt_text":"","src":"https:\/\/i0.wp.com\/mexicocodigorojo.com.mx\/wp-content\/uploads\/2019\/01\/Sin-t%C3%ADtulo-19.jpg?fit=640%2C582&ssl=1&resize=350%2C200","width":350,"height":200,"srcset":"https:\/\/i0.wp.com\/mexicocodigorojo.com.mx\/wp-content\/uploads\/2019\/01\/Sin-t%C3%ADtulo-19.jpg?fit=640%2C582&ssl=1&resize=350%2C200 1x, https:\/\/i0.wp.com\/mexicocodigorojo.com.mx\/wp-content\/uploads\/2019\/01\/Sin-t%C3%ADtulo-19.jpg?fit=640%2C582&ssl=1&resize=525%2C300 1.5x"},"classes":[]},{"id":20279,"url":"https:\/\/mexicocodigorojo.com.mx\/?p=20279","url_meta":{"origin":10062,"position":1},"title":"Sentencian al \u201cChapo\u201d a cadena perpetua","author":"Staff","date":"julio 17, 2019","format":false,"excerpt":"El narcotraficante mexicano Joaqu\u00edn \u201cChapo\u201d Guzm\u00e1n fue sentenciado a cadena perpetua por cargos de narcotr\u00e1fico, en una corte de Estados Unidos. El juez de Nueva York, Brian Cogan le impuso este mi\u00e9rcoles al sinaloense una condena de m\u00e1s 30 a\u00f1os de prisi\u00f3n por violencia con armas y 20 por lavado\u2026","rel":"","context":"En \u00abInternacional\u00bb","block_context":{"text":"Internacional","link":"https:\/\/mexicocodigorojo.com.mx\/?cat=14"},"img":{"alt_text":"","src":"https:\/\/i0.wp.com\/mexicocodigorojo.com.mx\/wp-content\/uploads\/2019\/07\/Corte_Chapo_Fotor_cadena-696x461.jpg?fit=696%2C461&ssl=1&resize=350%2C200","width":350,"height":200,"srcset":"https:\/\/i0.wp.com\/mexicocodigorojo.com.mx\/wp-content\/uploads\/2019\/07\/Corte_Chapo_Fotor_cadena-696x461.jpg?fit=696%2C461&ssl=1&resize=350%2C200 1x, https:\/\/i0.wp.com\/mexicocodigorojo.com.mx\/wp-content\/uploads\/2019\/07\/Corte_Chapo_Fotor_cadena-696x461.jpg?fit=696%2C461&ssl=1&resize=525%2C300 1.5x"},"classes":[]},{"id":23937,"url":"https:\/\/mexicocodigorojo.com.mx\/?p=23937","url_meta":{"origin":10062,"position":2},"title":"Polic\u00eda y guardaespaladas de la esposa del &#8216;Chapo&#8217; es detenido por narco","author":"Staff","date":"septiembre 20, 2019","format":false,"excerpt":"El polic\u00eda\u00a0de Nueva York que trabaj\u00f3 como guardaespaldas para Emma Coronel, esposa de Joaqu\u00edn Guzm\u00e1n Loera durante su juicio, fue arrestado por vender coca\u00edna, entre otros cargos Nueva York, Estados Unidos.- El oficial de la\u00a0Polic\u00eda de Nueva York,\u00a0Ishmael Bailey, de 36 a\u00f1os fue detenido y acusado de conspiraci\u00f3n y venta\u2026","rel":"","context":"En \u00abInternacional\u00bb","block_context":{"text":"Internacional","link":"https:\/\/mexicocodigorojo.com.mx\/?cat=14"},"img":{"alt_text":"","src":"https:\/\/i0.wp.com\/mexicocodigorojo.com.mx\/wp-content\/uploads\/2019\/09\/1_34.jpg_112278454.jpg?fit=1069%2C563&ssl=1&resize=350%2C200","width":350,"height":200,"srcset":"https:\/\/i0.wp.com\/mexicocodigorojo.com.mx\/wp-content\/uploads\/2019\/09\/1_34.jpg_112278454.jpg?fit=1069%2C563&ssl=1&resize=350%2C200 1x, https:\/\/i0.wp.com\/mexicocodigorojo.com.mx\/wp-content\/uploads\/2019\/09\/1_34.jpg_112278454.jpg?fit=1069%2C563&ssl=1&resize=525%2C300 1.5x, https:\/\/i0.wp.com\/mexicocodigorojo.com.mx\/wp-content\/uploads\/2019\/09\/1_34.jpg_112278454.jpg?fit=1069%2C563&ssl=1&resize=700%2C400 2x, https:\/\/i0.wp.com\/mexicocodigorojo.com.mx\/wp-content\/uploads\/2019\/09\/1_34.jpg_112278454.jpg?fit=1069%2C563&ssl=1&resize=1050%2C600 3x"},"classes":[]},{"id":12985,"url":"https:\/\/mexicocodigorojo.com.mx\/?p=12985","url_meta":{"origin":10062,"position":3},"title":"D\u00e1maso L\u00f3pez \u00abEl Licenciado\u00bb de \u00abCapo\u00bb del Narco a \u00abSapo\u00bb en el juicio de su compadre \u00abEl Chapo\u00bb Guzm\u00e1n","author":"Staff","date":"enero 25, 2019","format":false,"excerpt":"D\u00e1maso L\u00f3pez \"El Licenciado\" de \"Capo\" del Narco a \"Sapo\" en el juicio de su compadre \"El Chapo\" Guzm\u00e1n D\u00e1maso L\u00f3pez, tambi\u00e9n conocido como el Licenciado, declar\u00f3 en la corte de Brooklyn en el juicio de Joaqu\u00edn Guzm\u00e1n Loera y cont\u00f3 sobre los beneficios por los que el Chapo pagaba\u2026","rel":"","context":"En \u00abInternacional\u00bb","block_context":{"text":"Internacional","link":"https:\/\/mexicocodigorojo.com.mx\/?cat=14"},"img":{"alt_text":"","src":"https:\/\/i0.wp.com\/mexicocodigorojo.com.mx\/wp-content\/uploads\/2019\/01\/PhotoEditor_20190125_114135999-1.jpg?resize=350%2C200&ssl=1","width":350,"height":200,"srcset":"https:\/\/i0.wp.com\/mexicocodigorojo.com.mx\/wp-content\/uploads\/2019\/01\/PhotoEditor_20190125_114135999-1.jpg?resize=350%2C200&ssl=1 1x, https:\/\/i0.wp.com\/mexicocodigorojo.com.mx\/wp-content\/uploads\/2019\/01\/PhotoEditor_20190125_114135999-1.jpg?resize=525%2C300&ssl=1 1.5x, https:\/\/i0.wp.com\/mexicocodigorojo.com.mx\/wp-content\/uploads\/2019\/01\/PhotoEditor_20190125_114135999-1.jpg?resize=700%2C400&ssl=1 2x, https:\/\/i0.wp.com\/mexicocodigorojo.com.mx\/wp-content\/uploads\/2019\/01\/PhotoEditor_20190125_114135999-1.jpg?resize=1050%2C600&ssl=1 3x, https:\/\/i0.wp.com\/mexicocodigorojo.com.mx\/wp-content\/uploads\/2019\/01\/PhotoEditor_20190125_114135999-1.jpg?resize=1400%2C800&ssl=1 4x"},"classes":[]},{"id":20194,"url":"https:\/\/mexicocodigorojo.com.mx\/?p=20194","url_meta":{"origin":10062,"position":4},"title":"Los herederos de El Chapo","author":"Staff","date":"julio 16, 2019","format":false,"excerpt":"A lo largo de su vida El Chapo ha tenido innumerables conquistas, aunque hasta el momento \u00e9l solo ha reconocido a los 10 hijos que tuvo con sus tres diferentes esposa Joaqu\u00edn \u201cEl Chapo\u201d Guzm\u00e1n, ex l\u00edder del C\u00e1rtel de Sinaloa, tiene 10 hijos reconocidos, sin embargo hay quienes aseguran\u2026","rel":"","context":"En \u00abSinaloa\u00bb","block_context":{"text":"Sinaloa","link":"https:\/\/mexicocodigorojo.com.mx\/?cat=41"},"img":{"alt_text":"","src":"https:\/\/i0.wp.com\/mexicocodigorojo.com.mx\/wp-content\/uploads\/2019\/07\/xalfredillox_hijo_de_xel_chapox_xpodrixa_construir_su_propio_imperio_criminalx3_1.jpeg_793492074.jpeg?fit=718%2C452&ssl=1&resize=350%2C200","width":350,"height":200,"srcset":"https:\/\/i0.wp.com\/mexicocodigorojo.com.mx\/wp-content\/uploads\/2019\/07\/xalfredillox_hijo_de_xel_chapox_xpodrixa_construir_su_propio_imperio_criminalx3_1.jpeg_793492074.jpeg?fit=718%2C452&ssl=1&resize=350%2C200 1x, https:\/\/i0.wp.com\/mexicocodigorojo.com.mx\/wp-content\/uploads\/2019\/07\/xalfredillox_hijo_de_xel_chapox_xpodrixa_construir_su_propio_imperio_criminalx3_1.jpeg_793492074.jpeg?fit=718%2C452&ssl=1&resize=525%2C300 1.5x, https:\/\/i0.wp.com\/mexicocodigorojo.com.mx\/wp-content\/uploads\/2019\/07\/xalfredillox_hijo_de_xel_chapox_xpodrixa_construir_su_propio_imperio_criminalx3_1.jpeg_793492074.jpeg?fit=718%2C452&ssl=1&resize=700%2C400 2x"},"classes":[]},{"id":11121,"url":"https:\/\/mexicocodigorojo.com.mx\/?p=11121","url_meta":{"origin":10062,"position":5},"title":"\u00bfC\u00f3mo es trabajar con &#8216;El Chapo&#8217;? , tres narcos lo cuentan en juicio del capo","author":"Staff","date":"diciembre 23, 2018","format":false,"excerpt":"Los narcotraficantes describieron en la corte federal de Brooklyn las recompensas, reveses y rarezas de trabajar con el que fue uno de los capos m\u00e1s buscados del mundo. Nueva York, EU.- Los tres individuos, Tirso Mart\u00ednez S\u00e1nchez, Jorge Cifuentes y Pedro Flores, est\u00e1n testificando en el juicio de Joaqu\u00edn 'El\u2026","rel":"","context":"En \u00abInternacional\u00bb","block_context":{"text":"Internacional","link":"https:\/\/mexicocodigorojo.com.mx\/?cat=14"},"img":{"alt_text":"","src":"https:\/\/i0.wp.com\/mexicocodigorojo.com.mx\/wp-content\/uploads\/2018\/12\/el_chapo_2_24889903238721163300.jpg?resize=350%2C200&ssl=1","width":350,"height":200},"classes":[]}],"jetpack_sharing_enabled":true,"jetpack_likes_enabled":true,"jetpack_shortlink":"https:\/\/wp.me\/p9TedA-2Ci","_links":{"self":[{"href":"https:\/\/mexicocodigorojo.com.mx\/index.php?rest_route=\/wp\/v2\/posts\/10062","targetHints":{"allow":["GET"]}}],"collection":[{"href":"https:\/\/mexicocodigorojo.com.mx\/index.php?rest_route=\/wp\/v2\/posts"}],"about":[{"href":"https:\/\/mexicocodigorojo.com.mx\/index.php?rest_route=\/wp\/v2\/types\/post"}],"author":[{"embeddable":true,"href":"https:\/\/mexicocodigorojo.com.mx\/index.php?rest_route=\/wp\/v2\/users\/5"}],"replies":[{"embeddable":true,"href":"https:\/\/mexicocodigorojo.com.mx\/index.php?rest_route=%2Fwp%2Fv2%2Fcomments&post=10062"}],"version-history":[{"count":0,"href":"https:\/\/mexicocodigorojo.com.mx\/index.php?rest_route=\/wp\/v2\/posts\/10062\/revisions"}],"wp:attachment":[{"href":"https:\/\/mexicocodigorojo.com.mx\/index.php?rest_route=%2Fwp%2Fv2%2Fmedia&parent=10062"}],"wp:term":[{"taxonomy":"category","embeddable":true,"href":"https:\/\/mexicocodigorojo.com.mx\/index.php?rest_route=%2Fwp%2Fv2%2Fcategories&post=10062"},{"taxonomy":"post_tag","embeddable":true,"href":"https:\/\/mexicocodigorojo.com.mx\/index.php?rest_route=%2Fwp%2Fv2%2Ftags&post=10062"}],"curies":[{"name":"wp","href":"https:\/\/api.w.org\/{rel}","templated":true}]}}